{"id":948,"date":"2013-03-19T10:00:24","date_gmt":"2013-03-19T09:00:24","guid":{"rendered":"https:\/\/thomasvoland.com\/blog\/?p=948"},"modified":"2016-02-03T20:26:06","modified_gmt":"2016-02-03T19:26:06","slug":"sprzet-do-beauty","status":"publish","type":"post","link":"https:\/\/thomasvoland.com\/blog\/sprzet-do-beauty\/","title":{"rendered":"Sprz\u0119t do beauty\/fashion \u2013 cz. 2: wyposa\u017cenie studyjne"},"content":{"rendered":"<p style=\"text-align: justify;\">Od czasu za\u0142o\u017cenia strony otrzymuj\u0119 r\u00f3\u017cne maile z pytaniami: \u201ekt\u00f3r\u0105 lamp\u0119 pod beauty disha kupi\u0107?\u201d, \u201eczy 300 Ws to nie za du\u017co?\u201d, \u201eczy jest sens oszcz\u0119dza\u0107 na lampach?\u201d itp. Ten wpis powsta\u0142 wi\u0119c z za\u0142o\u017ceniem, \u017ce przynajmniej cz\u0119\u015bciowo uda mi si\u0119 rozwia\u0107 tego typu w\u0105tpliwo\u015bci.<\/p>\n<p style=\"text-align: justify;\">Podobnie jak w <a href=\"https:\/\/thomasvoland.com\/blog\/jaki-aparat-obiektyw-kupic\/\">cz\u0119\u015bci pierwszej<\/a>, dotycz\u0105cej aparat\u00f3w i obiektyw\u00f3w, nie chc\u0119 pisa\u0107 o konkretnych firmach i modelach \u2013 o tym traktuj\u0105 inne wpisy. Tym razem skupi\u0119 si\u0119 na tym, na co ja bym zwr\u00f3ci\u0142 uwag\u0119, kupuj\u0105c sprz\u0119t dla siebie. Nale\u017cy przy tym uwzgl\u0119dni\u0107, \u017ce je\u015bli kto\u015b zajmuje si\u0119 innym typem fotografii ni\u017c ja, to b\u0119dzie mia\u0142 r\u00f3wnie\u017c inne wymagania. Wiadomo te\u017c, \u017ce osoby czytaj\u0105ce ten artyku\u0142 nie robi\u0105 na co dzie\u0144 zdj\u0119\u0107 lampami Profoto, a raczej szukaj\u0105 pomocy przy kupnie pierwszego zestawu dla siebie. Pierwszy zazwyczaj znaczy te\u017c tani :), wi\u0119c znajdziesz tu wiele informacji na temat tych tanich rozwi\u0105za\u0144, zreszt\u0105 z takimi w\u0142a\u015bnie mia\u0142em najwi\u0119cej do czynienia. Jak kto\u015b ma ju\u017c sprz\u0119t, to wie jakie ma oczekiwania wobec kolejnego zestawu, wi\u0119c taki artyku\u0142 raczej nie b\u0119dzie mu potrzebny. Poza tym o lepszych, a zarazem dro\u017cszych lampach wspomn\u0119 jeszcze nie raz przy okazji opisywania sesji zdj\u0119ciowych.<\/p>\n<p style=\"text-align: justify;\"><!--more--><\/p>\n<h2 style=\"text-align: justify;\">Lampy studyjne<\/h2>\n<p style=\"text-align: justify;\">\u00a0Wed\u0142ug mnie przesad\u0105 jest twierdzenie, \u017ce nawet do amatorskich zastosowa\u0144 trzeba kupowa\u0107 jak najdro\u017csze lampy studyjne, w dodatku ka\u017cde tej samej firmy, a najlepiej te\u017c tego samego modelu. Lampy maj\u0105 mie\u0107 wystarczaj\u0105c\u0105 moc i nie utrudnia\u0107 robienia zdj\u0119\u0107. \u017beby tak by\u0142o, warto odrzuci\u0107 wszystkie najni\u017csze modele, bo odbiegaj\u0105 do\u015b\u0107 znacznie od tych lepszych. S\u0105 najta\u0144sze, ale przy okazji r\u00f3wnie kiepskie konstrukcyjnie.\u00a0Wiele z nich d\u0142ugo si\u0119 \u0142aduje, ale to w tej dziedzinie akurat bardzo rzadko kiedy b\u0119dzie problemem. Wymiana \u017carnika mo\u017ce wymaga\u0107 lutownicy, a zmiana pilota na mocniejszy (seryjne s\u0105 w nich bardzo s\u0142abe) to wcale nie jest jedynie wymiana \u017car\u00f3wki \u2013 taka o wi\u0119kszej mocy mo\u017ce uszkodzi\u0107 lamp\u0119 (pozostaje jeszcze kwestia tego, czy t\u0119 \u017car\u00f3wk\u0119 wkr\u0119cimy minimalnie mocniejsz\u0105, czy kilkukrotnie). \u017baden producent nie zagwarantuje te\u017c, \u017ce zwi\u0119kszona temperatura nie zaszkodzi palnikowi. Zamiast dobrego ch\u0142odzenia lampy, mo\u017ce by\u0107 zamontowany czujnik temperatury, kt\u00f3ry po prostu uniemo\u017cliwi dalsze robienie zdj\u0119\u0107 do czasu jej sch\u0142odzenia (to raczej przy robieniu serii). Innym problemem mo\u017ce by\u0107 te\u017c utrzymanie w okre\u015blonej pozycji <b>ci\u0119\u017ckiego<\/b> modyfikatora (a przynajmniej u mnie si\u0119 tak dzia\u0142o).<\/p>\n<p style=\"text-align: justify;\">Sugerowanie si\u0119 wi\u0119c jedynie tym, co napisano w specyfikacji, mo\u017ce by\u0107 niewystarczaj\u0105ce, bo takich informacji tam nie znajdziecie (a r\u00f3\u017cnic jest pewnie jeszcze wi\u0119cej, ni\u017c wymieni\u0142em).\u00a0O ile na dodatkowe lampy (kontry, t\u0142o, w\u0142osy itd.) m\u00f3g\u0142bym sobie sprawi\u0107 co\u015b nawet z takiej najni\u017cszej serii, to na g\u0142\u00f3wn\u0105 zdecydowanie potrzebuj\u0119 czego\u015b lepszego.<\/p>\n<p style=\"text-align: justify;\"><a href=\"https:\/\/thomasvoland.com\/blog\/wp-content\/uploads\/2013\/03\/4169ee8f486bca61f11352ed893665fdss.jpg\"><img fetchpriority=\"high\" decoding=\"async\" class=\"aligncenter size-thumbnail wp-image-1651\" alt=\"Powerlux VE tania lampa studyjna\" src=\"https:\/\/thomasvoland.com\/blog\/wp-content\/uploads\/2013\/03\/4169ee8f486bca61f11352ed893665fdss-680x240.jpg\" width=\"680\" height=\"240\" srcset=\"https:\/\/thomasvoland.com\/blog\/wp-content\/uploads\/2013\/03\/4169ee8f486bca61f11352ed893665fdss-680x240.jpg 680w, https:\/\/thomasvoland.com\/blog\/wp-content\/uploads\/2013\/03\/4169ee8f486bca61f11352ed893665fdss-1920x677.jpg 1920w, https:\/\/thomasvoland.com\/blog\/wp-content\/uploads\/2013\/03\/4169ee8f486bca61f11352ed893665fdss-870x307.jpg 870w, https:\/\/thomasvoland.com\/blog\/wp-content\/uploads\/2013\/03\/4169ee8f486bca61f11352ed893665fdss-768x271.jpg 768w, https:\/\/thomasvoland.com\/blog\/wp-content\/uploads\/2013\/03\/4169ee8f486bca61f11352ed893665fdss.jpg 1510w\" sizes=\"(max-width: 680px) 100vw, 680px\" \/><\/a><\/p>\n<p style=\"text-align: center;\">Niedroga lampa Powerlux VE, kt\u00f3r\u0105 opisywa\u0142em\u00a0<a href=\"https:\/\/thomasvoland.com\/blog\/red-light-i-lampy-powerlux-ve\/\">tutaj<\/a>.<\/p>\n<p>Ju\u017c nieco wy\u017csze modele, kt\u00f3rych ceny zaczynaj\u0105 si\u0119 od ok. 600 z\u0142 za 300 Ws, s\u0105 pozbawione takich wad. Wydaj\u0105c kolejne z\u0142ot\u00f3wki, mo\u017cemy liczy\u0107 na coraz to bardziej pancerne konstrukcje, stabilniejsze trzymanie temperatury barwowej, mocniejsze piloty, mo\u017ce r\u00f3wnie\u017c kr\u00f3tszy czas b\u0142ysku. Te jeszcze lepsze lampy posiadaj\u0105 filtr UV, kt\u00f3ry poza swoj\u0105 podstawow\u0105 funkcj\u0105 chroni tak\u017ce palnik. Poza tym niekt\u00f3re modele umo\u017cliwiaj\u0105 podzia\u0142 mocy powy\u017cej 1\/32 s (np. zej\u015bcie do 1\/64 lub 1\/128). Coraz popularniejsze staje si\u0119 te\u017c zdalne ustawianie parametr\u00f3w lamp studyjnych za pomoc\u0105 pilota, o czym wspomn\u0119 jeszcze za chwil\u0119.<\/p>\n<p style=\"text-align: center;\"><a href=\"https:\/\/thomasvoland.com\/blog\/wp-content\/uploads\/2013\/03\/fomei-digital-pro-x-2.jpg\"><img decoding=\"async\" class=\"aligncenter size-thumbnail wp-image-1657\" alt=\"fomei digital pro x lampa studyjna\" src=\"https:\/\/thomasvoland.com\/blog\/wp-content\/uploads\/2013\/03\/fomei-digital-pro-x-2-680x300.jpg\" width=\"680\" height=\"300\" srcset=\"https:\/\/thomasvoland.com\/blog\/wp-content\/uploads\/2013\/03\/fomei-digital-pro-x-2-680x300.jpg 680w, https:\/\/thomasvoland.com\/blog\/wp-content\/uploads\/2013\/03\/fomei-digital-pro-x-2-1920x848.jpg 1920w, https:\/\/thomasvoland.com\/blog\/wp-content\/uploads\/2013\/03\/fomei-digital-pro-x-2-870x384.jpg 870w, https:\/\/thomasvoland.com\/blog\/wp-content\/uploads\/2013\/03\/fomei-digital-pro-x-2-768x339.jpg 768w, https:\/\/thomasvoland.com\/blog\/wp-content\/uploads\/2013\/03\/fomei-digital-pro-x-2.jpg 1357w\" sizes=\"(max-width: 680px) 100vw, 680px\" \/><\/a>Fomei Digital Pro X &#8211; lampa dla profesjonalist\u00f3w, kt\u00f3r\u0105 opisywa\u0142em <a href=\"https:\/\/thomasvoland.com\/blog\/summer-time-mistrzowska-stylizacja-i-lampy-fomei-digital-pro-x\/\">tutaj<\/a>. Posiada cechy zarezerwowane tylko dla p\u00f3\u0142ki &#8222;pro&#8221;. Zdj\u0119cia pobrane ze sklepu\u00a0<a href=\"http:\/\/www.sklep.medikon.pl\">Medikon.pl<\/a>.<\/p>\n<p style=\"text-align: justify;\">Ca\u0142y czas pisz\u0119 o lampach b\u0142yskowych. \u015awiat\u0142a ci\u0105g\u0142ego absolutnie bym nie bra\u0142 pod uwag\u0119. Dlaczego \u2013 wyja\u015bni\u0142em <a href=\"https:\/\/thomasvoland.com\/blog\/strobing-blyskanie-niskim-kosztem-swiatlo-ciagle-vs-blyskowe\/\">tutaj<\/a>. Znajdziesz tam tak\u017ce opis lamp reporterskich, kt\u00f3re zawsze bardzo polecam jako dodatek. \u015awiat\u0142o ci\u0105g\u0142e r\u00f3wnie\u017c jest fajne, ale nie jako dominuj\u0105ce. Chc\u0105c uzyska\u0107 specyficzne efekty bez u\u017cycia Photoshopa, mo\u017cna \u0142\u0105czy\u0107 \u015bwiat\u0142o sta\u0142e z b\u0142yskowym przy d\u0142u\u017cszym czasie na\u015bwietlania. Do tego jednak przewa\u017cnie wystarczy moc standardowych pilot\u00f3w. Istniej\u0105 te\u017c lampy, kt\u00f3re z za\u0142o\u017cenia mog\u0105 s\u0142u\u017cy\u0107 zar\u00f3wno jako \u015bwiat\u0142o ci\u0105g\u0142e, jak i b\u0142yskowe. Robi\u0105c sesj\u0119 \u201e<a href=\"https:\/\/thomasvoland.com\/blog\/summer-time-mistrzowska-stylizacja-i-lampy-fomei-digital-pro-x\/\">Summer Time<\/a>\u201d w\u0142a\u015bnie taki model opisa\u0142em. Jednak \u015bwiat\u0142o ci\u0105g\u0142e do codziennego u\u017cytku zostawmy tym dziedzinom fotografii, w kt\u00f3rych czas na\u015bwietlania mo\u017cna dowolnie wyd\u0142u\u017ca\u0107, a modelek nie m\u0119czymy tysi\u0105cami wat\u00f3w.<\/p>\n<p style=\"text-align: justify;\"><b>Jak mocn\u0105 lamp\u0119 kupi\u0107?<\/b><\/p>\n<p style=\"text-align: justify;\">Nie mo\u017ce by\u0107 zbyt \u0142atwo&#8230; Potrzebna moc zale\u017cy od ustawionego ISO, przys\u0142ony, modyfikator\u00f3w, fizycznej wielko\u015bci matrycy i tego, jak daleko od fotografowanego obiektu znajduje si\u0119 lampa. Np. wielbiony przeze mnie beauty dish 70 cm z plastrem miodu i dyfuzorem \u201ezje\u201d potworne ilo\u015bci \u015bwiat\u0142a. 1200 Ws na ISO 200 nie b\u0119dzie w\u00f3wczas przesad\u0105 (nie spotka nas sytuacja, \u017ce na minimum b\u0119dzie za mocna). Dyfuzora nie u\u017cywam, natomiast plastra miodu prawie zawsze i jestem zdania, \u017ce okolice 1000 Ws s\u0105 wtedy idealne, bo zostaje nam zapas mocy, ale nie mamy jej nadmiaru. 600 Ws to absolutne minimum <b>do takich zastosowa\u0144. <\/b>Przypomn\u0119, \u017ce u\u017cywa si\u0119 przy nich wysokich przys\u0142on (ok. F\/10).<\/p>\n<p style=\"text-align: justify;\">Kiedy\u015b korzysta\u0142em z lampy g\u0142\u00f3wnej o mocy 300 Ws (r\u00f3wnie\u017c podpi\u0119ta tak\u017ce do disha 70 cm z gridem). O dyfuzorze mo\u017cna by\u0142o wtedy zapomnie\u0107, a ISO z natywnego 200 cz\u0119sto trzeba by\u0142o podnosi\u0107. Wysokie przys\u0142ony istnia\u0142y tylko w teorii, chyba \u017ce lampa by\u0142a podsuni\u0119ta bardzo blisko. Przy du\u017cym ISO kontry i pozosta\u0142e lampy mog\u0142y okaza\u0107 si\u0119 zbyt mocne nawet na minimalnej mocy, a to tworzy kolejne problemy. Wiele os\u00f3b ma natywne ISO 100, wi\u0119c moc przyda im si\u0119 jeszcze bardziej (ca\u0142y czas mam na my\u015bli aparat pe\u0142noklatkowy). Full Frame potrzebuje wi\u0119cej mocy ni\u017c na APS-C (matryca w ta\u0144szych aparatach, mo\u017cna uog\u00f3lni\u0107, \u017ce w tych poni\u017cej 6000 z\u0142), przy za\u0142o\u017ceniu, \u017ce chcemy uzyska\u0107 podobn\u0105 g\u0142\u0119bi\u0119 ostro\u015bci. Po prostu na FF nale\u017cy w\u00f3wczas u\u017cy\u0107 wi\u0119kszej warto\u015bci przys\u0142ony, wi\u0119c wpadnie nam mniej \u015bwiat\u0142a. W przypadku aparat\u00f3w \u015brednioformatowych te warto\u015bci b\u0119d\u0105 jeszcze wi\u0119ksze.<\/p>\n<p style=\"text-align: justify;\">Jak kto\u015b robi zdj\u0119cia z softboxami, oktami itd., to potrzebuje znacznie mniej mocy. A je\u015bli jeszcze zamiast beauty, b\u0119d\u0105 to portrety, to i 200\u2013300 Ws oka\u017ce si\u0119 w zupe\u0142no\u015bci wystarczaj\u0105ce.<\/p>\n<p style=\"text-align: justify;\">Ja portret\u00f3w nie robi\u0119. R\u00f3\u017cnice mi\u0119dzy portretem a beauty obja\u015bni\u0142em <a href=\"https:\/\/thomasvoland.com\/blog\/aleksandra-lech-o-zdjeciach-beauty-slow-kilka\/\">tutaj<\/a>. Gdybym teraz kupowa\u0142 jak\u0105\u015b lamp\u0119 jako g\u0142\u00f3wn\u0105, mia\u0142aby 1000 lub nawet 1200 Ws i z pewno\u015bci\u0105 by\u0142aby sterowana za pomoc\u0105 pilota lub tabletu\/telefonu. Cz\u0119sto lampa jest na tyle wysoko, \u017ce zmiana mocy wymaga drabiny albo opuszczania jej na statywie przy ka\u017cdej korekcie EV. Zdalne sterowanie niesamowicie u\u0142atwia i przyspiesza zmian\u0119 parametr\u00f3w. Oczywi\u015bcie idealnie by\u0142oby mie\u0107 wszystkie lampy sterowane na odleg\u0142o\u015b\u0107. Nie musz\u0119 ju\u017c chyba dodawa\u0107, \u017ce w tych tanich nie ma na to szans&#8230;<\/p>\n<p style=\"text-align: justify;\">Istotny jest te\u017c typ mocowania modyfikator\u00f3w. Najpopularniejsze to mocowanie Bowens; zrobiono pod nie bardzo du\u017co modyfikator\u00f3w.<\/p>\n<h2 style=\"text-align: justify;\">Statywy<\/h2>\n<p style=\"text-align: justify;\">Do aparatu statywu nie potrzeba, bo nie u\u017cywa si\u0119 d\u0142ugich czas\u00f3w na\u015bwietlania. Chyba \u017ce dla wygody, bo sprz\u0119t za ci\u0119\u017cki. Za to jest potrzebny <strong>statyw o\u015bwietleniowy<\/strong> do ka\u017cdej lampy studyjnej. Do lamp reporterskich te\u017c, ale z nimi u\u017cywam zazwyczaj lekkich i bardzo tanich konstrukcji.<\/p>\n<p style=\"text-align: justify;\">Do zamontowania g\u0142\u00f3wnego \u015bwiat\u0142a <strong>statyw typu &#8222;\u017curaw\/boom&#8221;<\/strong> bardzo si\u0119 przyda, a cz\u0119sto b\u0119dzie wr\u0119cz niezb\u0119dny (szczeg\u00f3lnie je\u015bli chodzi o zdj\u0119cia beauty).<\/p>\n<p style=\"text-align: center;\"><a href=\"https:\/\/thomasvoland.com\/blog\/wp-content\/uploads\/2013\/03\/fd17cbf88e9c280b86bcdfd54796cc5d1.jpg\"><img decoding=\"async\" class=\"aligncenter size-thumbnail wp-image-1644\" alt=\"Statyw boom (\u017curaw) do zdj\u0119\u0107 beauty\" src=\"https:\/\/thomasvoland.com\/blog\/wp-content\/uploads\/2013\/03\/fd17cbf88e9c280b86bcdfd54796cc5d1-680x452.jpg\" width=\"680\" height=\"452\" srcset=\"https:\/\/thomasvoland.com\/blog\/wp-content\/uploads\/2013\/03\/fd17cbf88e9c280b86bcdfd54796cc5d1-680x452.jpg 680w, https:\/\/thomasvoland.com\/blog\/wp-content\/uploads\/2013\/03\/fd17cbf88e9c280b86bcdfd54796cc5d1-1920x1276.jpg 1920w, https:\/\/thomasvoland.com\/blog\/wp-content\/uploads\/2013\/03\/fd17cbf88e9c280b86bcdfd54796cc5d1-870x578.jpg 870w, https:\/\/thomasvoland.com\/blog\/wp-content\/uploads\/2013\/03\/fd17cbf88e9c280b86bcdfd54796cc5d1-768x510.jpg 768w, https:\/\/thomasvoland.com\/blog\/wp-content\/uploads\/2013\/03\/fd17cbf88e9c280b86bcdfd54796cc5d1.jpg 800w\" sizes=\"(max-width: 680px) 100vw, 680px\" \/><\/a><\/p>\n<p style=\"text-align: center;\">Statyw typu \u017curaw (boom). Zdj\u0119cie pobrane ze sklepu\u00a0<a href=\"http:\/\/fotoellite.pl\">Fotoellite.pl<\/a><\/p>\n<p style=\"text-align: justify;\">Boom pozwala na zamontowanie lampy przed twarz\u0105 modelki i robienie zdj\u0119\u0107 zza lampy. Normalnie by si\u0119 tego nie da\u0142o zrobi\u0107, bo statyw zas\u0142ania\u0142by posta\u0107. Bardzo polecam kupi\u0107 do takiego \u017curawia k\u00f3\u0142ka, kt\u00f3re pozwol\u0105 na wygodne przesuwanie, i obowi\u0105zkowo ci\u0119\u017carek, przynajmniej jeden, jako przeciwwag\u0119 do lampy (cz\u0119sto s\u0105 w zestawie ze statywem). Boomy s\u0105 takie ca\u0142kiem proste (ja u\u017cywam <a href=\"http:\/\/www.fotoellite.pl\/index.php?products=product&amp;prod_id=780\">tego<\/a> \u2013 jak na swoj\u0105 cen\u0119, radzi sobie \u015bwietnie), jak i bardziej z\u0142o\u017cone, kt\u00f3re umo\u017cliwiaj\u0105 zmian\u0119 pochy\u0142u lampy za pomoc\u0105 nisko umieszczonego pokr\u0119t\u0142a i generalnie wygodniej si\u0119 ich u\u017cywa. S\u0105 boomy, kt\u00f3re sk\u0142ada si\u0119 podobnie do zwyk\u0142ych statyw\u00f3w, jak i <a href=\"http:\/\/www.fotoellite.pl\/index.php?products=product&amp;prod_id=470\">typowo studyjne<\/a>, wa\u017c\u0105ce tyle, \u017ce nikt przy zdrowych zmys\u0142ach nie b\u0119dzie ich wozi\u0142 na sesje plenerowe. Zreszt\u0105 ich nie da si\u0119 ju\u017c tak z\u0142o\u017cy\u0107 do transportu, jak prostego \u017curawia. Na boomach, poza g\u0142\u00f3wn\u0105 lamp\u0105, zawiesza si\u0119 czasami lamp\u0119 skierowan\u0105 na w\u0142osy (kt\u00f3ra cz\u0119sto musi by\u0107 blisko g\u0142owy, a zwyk\u0142y statyw by zwyczajnie przeszkadza\u0142).<\/p>\n<p style=\"text-align: justify;\">Dobrze mie\u0107 te\u017c \u201e<a href=\"http:\/\/fsfoto.pl\/product_info.php\/info\/p289_Statyw-piesek-20cm.html\"><b>psa<\/b><\/a>\u201d. To taki niski statyw (ok. 10\u201340 cm), zwykle u\u017cywany do do\u015bwietlania t\u0142a. Bez niego sporo czasu traci\u0142em na odpowiednie ustawianie lampy.<\/p>\n<p style=\"text-align: justify;\">Poza wszystkim statywy przydaj\u0105 si\u0119 r\u00f3wnie\u017c do wielu innych rzeczy \u2013 mo\u017cna do nich przymocowa\u0107 blend\u0119 (s\u0105 specjalne wysi\u0119gniki do tego celu), zamontowa\u0107 t\u0142o studyjne na belce trzymanej przez dwa statywy, istnieje te\u017c mo\u017cliwo\u015b\u0107 za\u0142o\u017cenia uchwytu na tablet lub podstawki na laptopa&#8230; W po\u0142\u0105czeniu z k\u00f3\u0142kami cz\u0119sto jest to znacznie wygodniejsza opcja ni\u017c stolik.<\/p>\n<h2 style=\"text-align: justify;\"><b>Blendy<\/b><\/h2>\n<p style=\"text-align: justify;\">Zazwyczaj u\u017cywam blend bia\u0142ych, za\u015b srebrnych bardzo rzadko, bo daj\u0105 zbyt ostre \u015bwiat\u0142o. W \u015bwietle zastanym zdj\u0119\u0107 prawie w og\u00f3le nie robi\u0119, ale wtedy blendami mo\u017cna zdzia\u0142a\u0107 cuda, nawet bez u\u017cycia lamp. Istniej\u0105 te\u017c blendy 5w1 i 7w1 \u2013 \u015bci\u0105ga si\u0119 z nich materia\u0142, obraca na drug\u0105 stron\u0105 i ma si\u0119 inne kolory. Czarnej blendy bardzo cz\u0119sto u\u017cywam zamiast t\u0142a (w blendzie 180 cm). Je\u015bli dobrze pami\u0119tam, to m\u00f3j zestaw sk\u0142ada si\u0119 z dw\u00f3ch blend 180 cm, jednej 120 cm i jednej ok. 50 cm (najcz\u0119\u015bciej u\u017cywam 180 i 50; warto wiedzie\u0107, \u017ce ta najwi\u0119ksza, po z\u0142o\u017ceniu, mo\u017ce r\u00f3wnie\u017c s\u0142u\u017cy\u0107 jako ma\u0142a \u2013 ok. 30 cm). Blendy mo\u017cna wykorzysta\u0107 nie tylko do odbijania \u015bwiat\u0142a, ale i do zas\u0142aniana.<\/p>\n<h2 style=\"text-align: justify;\"><b>Wyzwalacze<\/b><\/h2>\n<p style=\"text-align: justify;\">Zawsze radzi\u0142em zakup wyzwalaczy radiowych \u2013 to ogromna wygoda. Je\u015bli nie potrzebujesz kr\u00f3tkich czas\u00f3w, to wystarczy bardzo proste wyzwalanie Yongnuo RF-603, kt\u00f3re jest tanie i dobre (pisa\u0142em o nim <a href=\"https:\/\/thomasvoland.com\/blog\/strobing-blyskanie-niskim-kosztem-swiatlo-ciagle-vs-blyskowe\/\">tutaj<\/a>). Produkt ten wyst\u0119puje te\u017c w wersji typowo pod lampy studyjne \u2013 w\u00f3wczas odbiornik jest zasilany przez lamp\u0119 i nie potrzebuje baterii. Gdy w gr\u0119 wchodz\u0105 wi\u0119ksze wymagania, np. b\u0142yskanie w plenerze z kr\u00f3tkimi czasami, to wtedy potrzeba czego\u015b lepszego, ale ja p\u00f3ki co nie mia\u0142em potrzeby korzystania z tych rzeczy, wi\u0119c wola\u0142bym nie doradza\u0107 czego\u015b, czego nie znam z w\u0142asnego do\u015bwiadczenia. Chocia\u017c na pewno z\u0142ego s\u0142owa nie mo\u017cna powiedzie\u0107 na temat Pocket Wizard\u00f3w, kt\u00f3re sta\u0142y si\u0119 ju\u017c kultowe, a inni producenci staraj\u0105 si\u0119 je na\u015bladowa\u0107.<\/p>\n<h2 style=\"text-align: justify;\"><b>Modyfikatory<\/b><\/h2>\n<p style=\"text-align: justify;\">To temat rzeka&#8230; Jak kto\u015b czyta t\u0119 stron\u0119, to pewnie ju\u017c zauwa\u017cy\u0142, jak cz\u0119sto u\u017cywam <b>beauty disha<\/b>. Osoby nowe zapewniam, \u017ce bardzo cz\u0119sto :). Nie ma sensu si\u0119 powtarza\u0107, wszystko na ten temat napisa\u0142em we wpisie \u201e<a href=\"https:\/\/thomasvoland.com\/blog\/beauty-dish-magia-ostrego-swiatla\/\">Beauty dish \u2013 magia ostrego \u015bwiat\u0142a<\/a>\u201d.<\/p>\n<p style=\"text-align: center;\"><a href=\"https:\/\/thomasvoland.com\/blog\/wp-content\/uploads\/2013\/03\/beauty-dish.jpg\"><img loading=\"lazy\" decoding=\"async\" class=\"size-thumbnail wp-image-1648 aligncenter\" alt=\"beauty dish\" src=\"https:\/\/thomasvoland.com\/blog\/wp-content\/uploads\/2013\/03\/beauty-dish-680x428.jpg\" width=\"680\" height=\"428\" srcset=\"https:\/\/thomasvoland.com\/blog\/wp-content\/uploads\/2013\/03\/beauty-dish-680x428.jpg 680w, https:\/\/thomasvoland.com\/blog\/wp-content\/uploads\/2013\/03\/beauty-dish-1920x1208.jpg 1920w, https:\/\/thomasvoland.com\/blog\/wp-content\/uploads\/2013\/03\/beauty-dish-870x547.jpg 870w, https:\/\/thomasvoland.com\/blog\/wp-content\/uploads\/2013\/03\/beauty-dish-768x483.jpg 768w, https:\/\/thomasvoland.com\/blog\/wp-content\/uploads\/2013\/03\/beauty-dish.jpg 1271w\" sizes=\"(max-width: 680px) 100vw, 680px\" \/><\/a><\/p>\n<p style=\"text-align: center;\">Srebrny beauty dish.\u00a0Zdj\u0119cia pobrane ze sklepu\u00a0<a href=\"http:\/\/fotoellite.pl\">Fotoellite.pl<\/a><\/p>\n<p style=\"text-align: justify;\">W skr\u00f3cie: pozwala on uzyska\u0107 dobrze wygl\u0105daj\u0105ce, ostre \u015bwiat\u0142o, jednak wymaga dobrego przygotowania modelki. Nie polecam zaczyna\u0107 przygody z b\u0142yskaniem od tego modyfikatora.<\/p>\n<p style=\"text-align: justify;\">Lubi\u0119 wszystko, co pozwala kierunkowa\u0107 \u015bwiat\u0142o. Kupuj\u0105c <b>softbox<\/b> na pewno zwr\u00f3ci\u0142bym uwag\u0119 na to, czy b\u0119dzie mo\u017cna p\u00f3\u017aniej za\u0142o\u017cy\u0107 na niego plaster miodu (grid), bo w\u0142a\u015bnie to pozwala na najwi\u0119ksz\u0105 kontrol\u0119 o\u015bwietlenia. Dla wielkich softbox\u00f3w nie widz\u0119 u siebie zastosowania. <b>Okta<\/b> 120 cm to max, jaki bym chcia\u0142. Wi\u0119kszy modyfikator nie zawsze znaczy lepszy, bo \u015bwieci wsz\u0119dzie, r\u00f3wnie\u017c tam, gdzie by\u0107 mo\u017ce nie powinien. Natomiast <b>stripy<\/b>, czyli d\u0142ugie, ale cienkie softy to \u015bwietna sprawa (z gridami, oczywi\u015bcie :)). Cz\u0119sto stosuje si\u0119 je jako kontry, bo pozwalaj\u0105 obrysowa\u0107 posta\u0107 w miar\u0119 r\u00f3wnomiernie na ca\u0142ej wysoko\u015bci, \u015bwiec\u0105c przy tym tylko tam, gdzie chcemy, \u017ceby \u015bwieci\u0142y. Mo\u017cna zmi\u0119kczy\u0107 nimi \u015bwiat\u0142o, chocia\u017c pow\u0142ok\u0119 dyfuzyjn\u0105 da si\u0119 te\u017c \u015bci\u0105gn\u0105\u0107 lub zostawi\u0107 tylko jedn\u0105 z dw\u00f3ch. \u015awiat\u0142o kontrowe zazwyczaj bardzo dobrze wygl\u0105da w\u0142a\u015bnie wtedy, kiedy jest ostre.\u00a0<a href=\"https:\/\/thomasvoland.com\/blog\/kontry-zdjecia-ze-swiatlem-kontrowym\/\">Tutaj<\/a>\u00a0nieco napisa\u0142em o kontrach.<\/p>\n<p style=\"text-align: justify;\"><b>Parasol transparentny<\/b>\u00a0to cz\u0119sto pierwszy modyfikator, z jakim ma si\u0119 styczno\u015b\u0107. Jest bardzo mobilny, tani (kilkana\u015bcie z\u0142otych) i uniwersalny \u2013 ten sam pasuje do lampy studyjnej i reporterskiej. Do tego roz\u0142o\u017cenie parasolki zajmuje dos\u0142ownie sekund\u0119. U\u017cywa\u0142em takiego parasola bardzo d\u0142ugo jako podstawowego modyfikatora. Do lamp reporterskich wystarczy taki o \u015brednicy ok. 90 cm. Parasol jednak \u015bwieci nie tylko tam gdzie si\u0119 go skieruje, ale wsz\u0119dzie naoko\u0142o, co jest k\u0142opotliwe, szczeg\u00f3lnie w ma\u0142ych pomieszczeniach (zw\u0142aszcza gdy \u015bciany lub sufit s\u0105 kolorowe). Je\u015bli pomieszczenie jest wi\u0119ksze, a \u015bciany i sufit s\u0105 daleko, to problem ten przestaje istnie\u0107, co pokaza\u0142em w mojej sesji \u201e<a href=\"https:\/\/thomasvoland.com\/blog\/lara-croft-tomb-raider-series\/\">Tomb Raider series<\/a>\u201d. S\u0105 te\u017c parasole okryte z zewn\u0105trz czarnym materia\u0142em (czasami mo\u017cna go \u015bci\u0105gn\u0105\u0107), co niweluje problem ze \u015bwieceniem gdzie popadnie. Dobra rzecz!<\/p>\n<p style=\"text-align: justify;\">Reflektor 18 cm to modyfikator cz\u0119sto do\u0142\u0105czany do zestawu z lamp\u0105. Poza tym taki <b>reflektor (czasza)<\/b> mo\u017ce by\u0107 \u015bci\u0119ty pod k\u0105tem (do do\u015bwietlania t\u0142a) lub wyst\u0119powa\u0107 w innych rozmiarach. Na pewno warto mie\u0107 w swoim zestawie przynajmniej ten podstawowy, chocia\u017cby do u\u017cywania jako kontra lub \u015bwiecenia na t\u0142o.<\/p>\n<p style=\"text-align: justify;\">Na czasz\u0119 mo\u017cna za\u0142o\u017cy\u0107 <b>wrota<\/b>. Dzi\u0119ki nim mo\u017cna precyzyjnie ukierunkowa\u0107 \u015bwiat\u0142o. Do wr\u00f3t lub bezpo\u015brednio do czaszy mo\u017cna zak\u0142ada\u0107 specjalne filtry kolorowe lub plastry miodu.<\/p>\n<p style=\"text-align: justify;\">Jeszcze bardziej od reflektora z gridem \u015bwiat\u0142o mo\u017cna ukierunkowa\u0107 <b>strumienic\u0105 (snootem)<\/b>. To taka tuba, do kt\u00f3rej tak\u017ce mo\u017cna zak\u0142ada\u0107 r\u00f3\u017cne ko\u0144c\u00f3wki, od kolorowych, przez gridy, na takich ze wzorkami ko\u0144cz\u0105c.<\/p>\n<p style=\"text-align: justify;\"><a href=\"https:\/\/thomasvoland.com\/blog\/wp-content\/uploads\/2013\/03\/d1b401c95073a72f88684f80e2103e56.jpg\"><img loading=\"lazy\" decoding=\"async\" class=\"aligncenter size-thumbnail wp-image-1658\" alt=\"Strumienica - snoot do lamp reporterskich\" src=\"https:\/\/thomasvoland.com\/blog\/wp-content\/uploads\/2013\/03\/d1b401c95073a72f88684f80e2103e56-680x453.jpg\" width=\"680\" height=\"453\" srcset=\"https:\/\/thomasvoland.com\/blog\/wp-content\/uploads\/2013\/03\/d1b401c95073a72f88684f80e2103e56-680x453.jpg 680w, https:\/\/thomasvoland.com\/blog\/wp-content\/uploads\/2013\/03\/d1b401c95073a72f88684f80e2103e56-1920x1279.jpg 1920w, https:\/\/thomasvoland.com\/blog\/wp-content\/uploads\/2013\/03\/d1b401c95073a72f88684f80e2103e56-870x579.jpg 870w, https:\/\/thomasvoland.com\/blog\/wp-content\/uploads\/2013\/03\/d1b401c95073a72f88684f80e2103e56-768x511.jpg 768w, https:\/\/thomasvoland.com\/blog\/wp-content\/uploads\/2013\/03\/d1b401c95073a72f88684f80e2103e56.jpg 800w\" sizes=\"(max-width: 680px) 100vw, 680px\" \/><\/a><\/p>\n<p style=\"text-align: center;\">Strumienica do za\u0142o\u017cona na lamp\u0119 reportersk\u0105.\u00a0Zdj\u0119cie pobrane ze sklepu\u00a0<a href=\"http:\/\/fotoellite.pl\">Fotoellite.pl<\/a><\/p>\n<p style=\"text-align: justify;\">Wymieni\u0142em najbardziej podstawowe modyfikatory i ka\u017cdy z nich warto mie\u0107, chocia\u017c wiadomo, \u017ce prawie wszystko da si\u0119 zast\u0105pi\u0107. Zazwyczaj wystarczy ta\u015bma klej\u0105ca, troch\u0119 kartonu i folia aluminiowa. Snooty na lamp\u0119 reportersk\u0105 robi\u0142em z tektury albo z magazyn\u00f3w (niestety, nie mia\u0142em okazji zrobi\u0107 z \u201eVogue\u2019a\u201d&#8230;), gridy ze s\u0142omek do napoj\u00f3w, okt\u0119 z blendy, blend\u0119 z koca grzewczego, a softbox do do\u015bwietlania w\u0142os\u00f3w z brystolu i naklejek \u201emotocykle s\u0105 wsz\u0119dzie\u201d. Przy lampach reporterskich jest \u0142atwiej, ale do studyjnych te\u017c wszystko mo\u017cna zrobi\u0107 samemu. Trzeba mie\u0107 jednak na uwadze, \u017ce to tylko prowizorka. Lepiej mie\u0107 co\u015b, co na pewno si\u0119 nie rozleci, jest wygodne w u\u017cyciu i transporcie. A modyfikatory obecnie s\u0105 w cenach naprawd\u0119 przyst\u0119pnych. Te najta\u0144sze, przeznaczone do amatorskich zastosowa\u0144, my\u015bl\u0119, \u017ce spokojnie wystarcz\u0105.<\/p>\n<p style=\"text-align: justify;\">Za cen\u0105 modyfikator\u00f3w idzie zazwyczaj jako\u015b\u0107. I nie mam na my\u015bli tylko tego, \u017ce s\u0105 trwalsze. Istotne jest te\u017c to, jak bardzo <b>nie<\/b> wp\u0142ywaj\u0105 na zmian\u0119 temperatury barwowej, bo dla wielu profesjonalist\u00f3w w\u0142a\u015bnie to jest podstawow\u0105 spraw\u0105. Te porz\u0105dne modele s\u0105 przystosowane tak\u017ce do \u015bwiat\u0142a ci\u0105g\u0142ego \u2013 niestraszne im wysokie temperatury, czego nie mo\u017cna powiedzie\u0107 o modelach podstawowych. Warto o tym pami\u0119ta\u0107, bo cz\u0119sto mo\u017cna si\u0119 spotka\u0107 z opiniami, \u017ce u\u017cywanie \u015bwiat\u0142a ci\u0105g\u0142ego jest ta\u0144sze. Jest to bardzo dyskusyjne, bior\u0105c pod uwag\u0119, \u017ce na modyfikatory trzeba wyda\u0107 wi\u0119cej.<\/p>\n<p style=\"text-align: justify;\">Poza tymi podstawowymi modyfikatorami jest sporo znacznie bardziej wymy\u015blnych, a o wielu z nich pewnie nie mam nawet jeszcze poj\u0119cia.<\/p>\n<p style=\"text-align: justify;\">Je\u015bli cz\u0119sto zabieracie sw\u00f3j sprz\u0119t w plener, to warto pomy\u015ble\u0107 o modyfikatorach z szybkim monta\u017cem. Rozk\u0142ada si\u0119 je jak parasol, zamiast mozolnego wk\u0142adania pr\u0119t\u00f3w w mocowanie. Niestety po z\u0142o\u017ceniu zajmuj\u0105 wi\u0119cej miejsca, ni\u017c zwyk\u0142e wersje.<\/p>\n<h2 style=\"text-align: justify;\"><b>Eye-Fi<\/b><\/h2>\n<p style=\"text-align: justify;\"><a href=\"http:\/\/eye-fi.pl\">Eye-Fi<\/a> to bardzo fajny wynalazek, w kt\u00f3ry warto zainwestowa\u0107. To karta pami\u0119ci SD z wbudowanym Wi-Fi. Po powrocie z sesji mo\u017cesz wi\u0119c bezprzewodowo skopiowa\u0107 zdj\u0119cia na komputer. Ale Eye-Fi u\u017cywa si\u0119 zazwyczaj w innym celu. W ka\u017cdym nowszym aparacie z serii semipro lub pro jest miejsce na dwie karty pami\u0119ci. Wybierasz wi\u0119c takie ustawienia, \u017ce na zwyk\u0142\u0105 aparat zapisuje RAW-y, a na Eye-Fi pliki jpg (dzi\u0119ki temu transfer jest szybszy, ni\u017c gdyby kopiowa\u0107 RAW-y). Na tablecie jest zainstalowana specjalna aplikacja Eye-Fi. Od tej pory zdj\u0119cia wy\u015bwietlaj\u0105 si\u0119 nie tylko na LCD aparatu, ale te\u017c na tablecie. Oznacza to, \u017ce przez ca\u0142y czas mo\u017cesz mie\u0107 podpi\u0119ty monitor do aparatu i na nim ogl\u0105da\u0107 najnowsze zdj\u0119cia, a jak kto\u015b na planie zdj\u0119ciowym b\u0119dzie chcia\u0142 zobaczy\u0107 efekty sesji, to ma szans\u0119 zrobi\u0107 to wygodnie na iPadzie, nie ruszaj\u0105c si\u0119 z miejsca. Mo\u017cna te\u017c u\u017cywa\u0107 iPada, zamiast monitora, o ile taki rozmiar ekranu wystarcza. Od jakiego\u015b czasu karty te obs\u0142uguj\u0105 tryb direct, co oznacza, \u017ce nie trzeba si\u0119 \u0142\u0105czy\u0107 z routerem. Po prostu karta tworzy w\u0142asn\u0105 sie\u0107 Wi-Fi, do kt\u00f3rej wystarczy si\u0119 pod\u0142\u0105czy\u0107.<\/p>\n<h2 style=\"text-align: justify;\"><b>Podsumowanie<\/b><\/h2>\n<p style=\"text-align: justify;\">Artyku\u0142 ten to tylko takie li\u017ani\u0119cie tematu, bo napisa\u0107 o tym mo\u017cna by by\u0142o ca\u0142\u0105 ksi\u0105\u017ck\u0119. Rozwini\u0119ciem tego wszystkiego s\u0105 poszczeg\u00f3lne wpisy opowiadaj\u0105ce o sesjach zdj\u0119ciowych, kt\u00f3re <a href=\"https:\/\/thomasvoland.com\/blog\/category\/sesje-zdjeciowe\/\">regularnie zamieszczam<\/a>. Ka\u017cdej z tych rzeczy pewnie po\u015bwi\u0119c\u0119 (lub ju\u017c po\u015bwi\u0119ci\u0142em) ca\u0142y osobny wpis, w kt\u00f3rym szerzej om\u00f3wi\u0119 temat.<\/p>\n","protected":false},"excerpt":{"rendered":"<p>Od czasu za\u0142o\u017cenia strony otrzymuj\u0119 r\u00f3\u017cne maile z pytaniami: \u201ekt\u00f3r\u0105 lamp\u0119 pod beauty disha kupi\u0107?\u201d, \u201eczy 300 Ws to nie za du\u017co?\u201d, \u201eczy jest sens oszcz\u0119dza\u0107 na lampach?\u201d itp. Ten wpis powsta\u0142 wi\u0119c z za\u0142o\u017ceniem, \u017ce przynajmniej cz\u0119\u015bciowo uda mi si\u0119 rozwia\u0107 tego typu w\u0105tpliwo\u015bci. Podobnie jak w cz\u0119\u015bci pierwszej, dotycz\u0105cej aparat\u00f3w i obiektyw\u00f3w, nie [&hellip;]<\/p>\n","protected":false},"author":1,"featured_media":1661,"comment_status":"closed","ping_status":"open","sticky":false,"template":"","format":"standard","meta":{"om_disable_all_campaigns":false,"_jetpack_newsletter_access":"","_jetpack_dont_email_post_to_subs":false,"_jetpack_newsletter_tier_id":0,"_jetpack_memberships_contains_paywalled_content":false,"_jetpack_memberships_contains_paid_content":false,"footnotes":""},"categories":[31,28],"tags":[53,48,88,98,97,54],"class_list":["post-948","post","type-post","status-publish","format-standard","has-post-thumbnail","hentry","category-podstawy","category-sprzet","tag-aparat","tag-beauty","tag-co-kupic","tag-lampy","tag-modyfikatory","tag-obiektyw"],"yoast_head":"<!-- This site is optimized with the Yoast SEO plugin v23.9 - https:\/\/yoast.com\/wordpress\/plugins\/seo\/ -->\n<title>Sprz\u0119t do beauty\/fashion \u2013 cz. 2: wyposa\u017cenie studyjne - Thomas Voland<\/title>\n<meta name=\"robots\" content=\"index, follow, max-snippet:-1, max-image-preview:large, max-video-preview:-1\" \/>\n<link rel=\"canonical\" href=\"https:\/\/thomasvoland.com\/blog\/sprzet-do-beauty\/\" \/>\n<meta property=\"og:locale\" content=\"pl_PL\" \/>\n<meta property=\"og:type\" content=\"article\" \/>\n<meta property=\"og:title\" content=\"Sprz\u0119t do beauty\/fashion \u2013 cz. 2: wyposa\u017cenie studyjne - Thomas Voland\" \/>\n<meta property=\"og:description\" content=\"Od czasu za\u0142o\u017cenia strony otrzymuj\u0119 r\u00f3\u017cne maile z pytaniami: \u201ekt\u00f3r\u0105 lamp\u0119 pod beauty disha kupi\u0107?\u201d, \u201eczy 300 Ws to nie za du\u017co?\u201d, \u201eczy jest sens oszcz\u0119dza\u0107 na lampach?\u201d itp. Ten wpis powsta\u0142 wi\u0119c z za\u0142o\u017ceniem, \u017ce przynajmniej cz\u0119\u015bciowo uda mi si\u0119 rozwia\u0107 tego typu w\u0105tpliwo\u015bci. Podobnie jak w cz\u0119\u015bci pierwszej, dotycz\u0105cej aparat\u00f3w i obiektyw\u00f3w, nie [&hellip;]\" \/>\n<meta property=\"og:url\" content=\"https:\/\/thomasvoland.com\/blog\/sprzet-do-beauty\/\" \/>\n<meta property=\"og:site_name\" content=\"Thomas Voland\" \/>\n<meta property=\"article:publisher\" content=\"https:\/\/www.facebook.com\/t.pluszczyk\" \/>\n<meta property=\"article:author\" content=\"https:\/\/www.facebook.com\/voland.thomas\" \/>\n<meta property=\"article:published_time\" content=\"2013-03-19T09:00:24+00:00\" \/>\n<meta property=\"article:modified_time\" content=\"2016-02-03T19:26:06+00:00\" \/>\n<meta property=\"og:image\" content=\"https:\/\/tomaszpluszczyk.pl\/wp-content\/uploads\/2013\/03\/top1.jpg\" \/>\n\t<meta property=\"og:image:width\" content=\"1280\" \/>\n\t<meta property=\"og:image:height\" content=\"468\" \/>\n\t<meta property=\"og:image:type\" content=\"image\/jpeg\" \/>\n<meta name=\"author\" content=\"Thomas Voland\" \/>\n<meta name=\"twitter:card\" content=\"summary_large_image\" \/>\n<meta name=\"twitter:creator\" content=\"@https:\/\/twitter.com\/thomas_voland\" \/>\n<meta name=\"twitter:site\" content=\"@TomaszPluszczyk\" \/>\n<meta name=\"twitter:label1\" content=\"Napisane przez\" \/>\n\t<meta name=\"twitter:data1\" content=\"Thomas Voland\" \/>\n\t<meta name=\"twitter:label2\" content=\"Szacowany czas czytania\" \/>\n\t<meta name=\"twitter:data2\" content=\"15 minut\" \/>\n<script type=\"application\/ld+json\" class=\"yoast-schema-graph\">{\"@context\":\"https:\/\/schema.org\",\"@graph\":[{\"@type\":\"Article\",\"@id\":\"https:\/\/thomasvoland.com\/blog\/sprzet-do-beauty\/#article\",\"isPartOf\":{\"@id\":\"https:\/\/thomasvoland.com\/blog\/sprzet-do-beauty\/\"},\"author\":{\"name\":\"Thomas Voland\",\"@id\":\"https:\/\/thomasvoland.com\/blog\/#\/schema\/person\/a2fe45ab834fc67a182b07e2b634b8fb\"},\"headline\":\"Sprz\u0119t do beauty\/fashion \u2013 cz. 2: wyposa\u017cenie studyjne\",\"datePublished\":\"2013-03-19T09:00:24+00:00\",\"dateModified\":\"2016-02-03T19:26:06+00:00\",\"mainEntityOfPage\":{\"@id\":\"https:\/\/thomasvoland.com\/blog\/sprzet-do-beauty\/\"},\"wordCount\":3042,\"publisher\":{\"@id\":\"https:\/\/thomasvoland.com\/blog\/#organization\"},\"image\":{\"@id\":\"https:\/\/thomasvoland.com\/blog\/sprzet-do-beauty\/#primaryimage\"},\"thumbnailUrl\":\"https:\/\/thomasvoland.com\/blog\/wp-content\/uploads\/2013\/03\/top1.jpg\",\"keywords\":[\"aparat\",\"beauty\",\"co kupic\",\"lampy\",\"modyfikatory\",\"obiektyw\"],\"articleSection\":[\"Podstawy\",\"Sprz\u0119t\"],\"inLanguage\":\"pl-PL\"},{\"@type\":\"WebPage\",\"@id\":\"https:\/\/thomasvoland.com\/blog\/sprzet-do-beauty\/\",\"url\":\"https:\/\/thomasvoland.com\/blog\/sprzet-do-beauty\/\",\"name\":\"Sprz\u0119t do beauty\/fashion \u2013 cz. 2: wyposa\u017cenie studyjne - Thomas Voland\",\"isPartOf\":{\"@id\":\"https:\/\/thomasvoland.com\/blog\/#website\"},\"primaryImageOfPage\":{\"@id\":\"https:\/\/thomasvoland.com\/blog\/sprzet-do-beauty\/#primaryimage\"},\"image\":{\"@id\":\"https:\/\/thomasvoland.com\/blog\/sprzet-do-beauty\/#primaryimage\"},\"thumbnailUrl\":\"https:\/\/thomasvoland.com\/blog\/wp-content\/uploads\/2013\/03\/top1.jpg\",\"datePublished\":\"2013-03-19T09:00:24+00:00\",\"dateModified\":\"2016-02-03T19:26:06+00:00\",\"breadcrumb\":{\"@id\":\"https:\/\/thomasvoland.com\/blog\/sprzet-do-beauty\/#breadcrumb\"},\"inLanguage\":\"pl-PL\",\"potentialAction\":[{\"@type\":\"ReadAction\",\"target\":[\"https:\/\/thomasvoland.com\/blog\/sprzet-do-beauty\/\"]}]},{\"@type\":\"ImageObject\",\"inLanguage\":\"pl-PL\",\"@id\":\"https:\/\/thomasvoland.com\/blog\/sprzet-do-beauty\/#primaryimage\",\"url\":\"https:\/\/thomasvoland.com\/blog\/wp-content\/uploads\/2013\/03\/top1.jpg\",\"contentUrl\":\"https:\/\/thomasvoland.com\/blog\/wp-content\/uploads\/2013\/03\/top1.jpg\",\"width\":1280,\"height\":468},{\"@type\":\"BreadcrumbList\",\"@id\":\"https:\/\/thomasvoland.com\/blog\/sprzet-do-beauty\/#breadcrumb\",\"itemListElement\":[{\"@type\":\"ListItem\",\"position\":1,\"name\":\"Strona g\u0142\u00f3wna\",\"item\":\"https:\/\/thomasvoland.com\/blog\/\"},{\"@type\":\"ListItem\",\"position\":2,\"name\":\"Sprz\u0119t do beauty\/fashion \u2013 cz. 2: wyposa\u017cenie studyjne\"}]},{\"@type\":\"WebSite\",\"@id\":\"https:\/\/thomasvoland.com\/blog\/#website\",\"url\":\"https:\/\/thomasvoland.com\/blog\/\",\"name\":\"Thomas Voland\",\"description\":\"\",\"publisher\":{\"@id\":\"https:\/\/thomasvoland.com\/blog\/#organization\"},\"potentialAction\":[{\"@type\":\"SearchAction\",\"target\":{\"@type\":\"EntryPoint\",\"urlTemplate\":\"https:\/\/thomasvoland.com\/blog\/?s={search_term_string}\"},\"query-input\":{\"@type\":\"PropertyValueSpecification\",\"valueRequired\":true,\"valueName\":\"search_term_string\"}}],\"inLanguage\":\"pl-PL\"},{\"@type\":\"Organization\",\"@id\":\"https:\/\/thomasvoland.com\/blog\/#organization\",\"name\":\"Thomas Voland\",\"url\":\"https:\/\/thomasvoland.com\/blog\/\",\"logo\":{\"@type\":\"ImageObject\",\"inLanguage\":\"pl-PL\",\"@id\":\"https:\/\/thomasvoland.com\/blog\/#\/schema\/logo\/image\/\",\"url\":\"https:\/\/thomasvoland.com\/blog\/wp-content\/uploads\/2023\/04\/voland-logo-2.png\",\"contentUrl\":\"https:\/\/thomasvoland.com\/blog\/wp-content\/uploads\/2023\/04\/voland-logo-2.png\",\"width\":210,\"height\":45,\"caption\":\"Thomas Voland\"},\"image\":{\"@id\":\"https:\/\/thomasvoland.com\/blog\/#\/schema\/logo\/image\/\"},\"sameAs\":[\"https:\/\/www.facebook.com\/t.pluszczyk\",\"https:\/\/x.com\/TomaszPluszczyk\",\"https:\/\/www.instagram.com\/thomas_voland\/\",\"https:\/\/www.youtube.com\/channel\/UCRWUS9d3Y3Pi-S9pVs9DKqA\"]},{\"@type\":\"Person\",\"@id\":\"https:\/\/thomasvoland.com\/blog\/#\/schema\/person\/a2fe45ab834fc67a182b07e2b634b8fb\",\"name\":\"Thomas Voland\",\"image\":{\"@type\":\"ImageObject\",\"inLanguage\":\"pl-PL\",\"@id\":\"https:\/\/thomasvoland.com\/blog\/#\/schema\/person\/image\/\",\"url\":\"https:\/\/secure.gravatar.com\/avatar\/663d664d6b3875c4a37077bc16b96169?s=96&d=mm&r=g\",\"contentUrl\":\"https:\/\/secure.gravatar.com\/avatar\/663d664d6b3875c4a37077bc16b96169?s=96&d=mm&r=g\",\"caption\":\"Thomas Voland\"},\"description\":\"Od kilku lat robi\u0119 zdj\u0119cia beauty i fashion, a efekty pokazuj\u0119 na tym blogu. Razem z opisami sesji publikuj\u0119 schematy o\u015bwietlenia, zdj\u0119cia zza kulis i wszystko to, co istotne podczas fotografowania. Mieszkam w Azji, ale czasami zdarza mi si\u0119 wpa\u015b\u0107 do Polski.\",\"sameAs\":[\"https:\/\/www.facebook.com\/voland.thomas\",\"https:\/\/x.com\/https:\/\/twitter.com\/thomas_voland\",\"http:\/\/youtube.com\/c\/ThomasVoland\"]}]}<\/script>\n<!-- \/ Yoast SEO plugin. -->","yoast_head_json":{"title":"Sprz\u0119t do beauty\/fashion \u2013 cz. 2: wyposa\u017cenie studyjne - Thomas Voland","robots":{"index":"index","follow":"follow","max-snippet":"max-snippet:-1","max-image-preview":"max-image-preview:large","max-video-preview":"max-video-preview:-1"},"canonical":"https:\/\/thomasvoland.com\/blog\/sprzet-do-beauty\/","og_locale":"pl_PL","og_type":"article","og_title":"Sprz\u0119t do beauty\/fashion \u2013 cz. 2: wyposa\u017cenie studyjne - Thomas Voland","og_description":"Od czasu za\u0142o\u017cenia strony otrzymuj\u0119 r\u00f3\u017cne maile z pytaniami: \u201ekt\u00f3r\u0105 lamp\u0119 pod beauty disha kupi\u0107?\u201d, \u201eczy 300 Ws to nie za du\u017co?\u201d, \u201eczy jest sens oszcz\u0119dza\u0107 na lampach?\u201d itp. Ten wpis powsta\u0142 wi\u0119c z za\u0142o\u017ceniem, \u017ce przynajmniej cz\u0119\u015bciowo uda mi si\u0119 rozwia\u0107 tego typu w\u0105tpliwo\u015bci. Podobnie jak w cz\u0119\u015bci pierwszej, dotycz\u0105cej aparat\u00f3w i obiektyw\u00f3w, nie [&hellip;]","og_url":"https:\/\/thomasvoland.com\/blog\/sprzet-do-beauty\/","og_site_name":"Thomas Voland","article_publisher":"https:\/\/www.facebook.com\/t.pluszczyk","article_author":"https:\/\/www.facebook.com\/voland.thomas","article_published_time":"2013-03-19T09:00:24+00:00","article_modified_time":"2016-02-03T19:26:06+00:00","og_image":[{"width":1280,"height":468,"url":"https:\/\/tomaszpluszczyk.pl\/wp-content\/uploads\/2013\/03\/top1.jpg","type":"image\/jpeg"}],"author":"Thomas Voland","twitter_card":"summary_large_image","twitter_creator":"@https:\/\/twitter.com\/thomas_voland","twitter_site":"@TomaszPluszczyk","twitter_misc":{"Napisane przez":"Thomas Voland","Szacowany czas czytania":"15 minut"},"schema":{"@context":"https:\/\/schema.org","@graph":[{"@type":"Article","@id":"https:\/\/thomasvoland.com\/blog\/sprzet-do-beauty\/#article","isPartOf":{"@id":"https:\/\/thomasvoland.com\/blog\/sprzet-do-beauty\/"},"author":{"name":"Thomas Voland","@id":"https:\/\/thomasvoland.com\/blog\/#\/schema\/person\/a2fe45ab834fc67a182b07e2b634b8fb"},"headline":"Sprz\u0119t do beauty\/fashion \u2013 cz. 2: wyposa\u017cenie studyjne","datePublished":"2013-03-19T09:00:24+00:00","dateModified":"2016-02-03T19:26:06+00:00","mainEntityOfPage":{"@id":"https:\/\/thomasvoland.com\/blog\/sprzet-do-beauty\/"},"wordCount":3042,"publisher":{"@id":"https:\/\/thomasvoland.com\/blog\/#organization"},"image":{"@id":"https:\/\/thomasvoland.com\/blog\/sprzet-do-beauty\/#primaryimage"},"thumbnailUrl":"https:\/\/thomasvoland.com\/blog\/wp-content\/uploads\/2013\/03\/top1.jpg","keywords":["aparat","beauty","co kupic","lampy","modyfikatory","obiektyw"],"articleSection":["Podstawy","Sprz\u0119t"],"inLanguage":"pl-PL"},{"@type":"WebPage","@id":"https:\/\/thomasvoland.com\/blog\/sprzet-do-beauty\/","url":"https:\/\/thomasvoland.com\/blog\/sprzet-do-beauty\/","name":"Sprz\u0119t do beauty\/fashion \u2013 cz. 2: wyposa\u017cenie studyjne - Thomas Voland","isPartOf":{"@id":"https:\/\/thomasvoland.com\/blog\/#website"},"primaryImageOfPage":{"@id":"https:\/\/thomasvoland.com\/blog\/sprzet-do-beauty\/#primaryimage"},"image":{"@id":"https:\/\/thomasvoland.com\/blog\/sprzet-do-beauty\/#primaryimage"},"thumbnailUrl":"https:\/\/thomasvoland.com\/blog\/wp-content\/uploads\/2013\/03\/top1.jpg","datePublished":"2013-03-19T09:00:24+00:00","dateModified":"2016-02-03T19:26:06+00:00","breadcrumb":{"@id":"https:\/\/thomasvoland.com\/blog\/sprzet-do-beauty\/#breadcrumb"},"inLanguage":"pl-PL","potentialAction":[{"@type":"ReadAction","target":["https:\/\/thomasvoland.com\/blog\/sprzet-do-beauty\/"]}]},{"@type":"ImageObject","inLanguage":"pl-PL","@id":"https:\/\/thomasvoland.com\/blog\/sprzet-do-beauty\/#primaryimage","url":"https:\/\/thomasvoland.com\/blog\/wp-content\/uploads\/2013\/03\/top1.jpg","contentUrl":"https:\/\/thomasvoland.com\/blog\/wp-content\/uploads\/2013\/03\/top1.jpg","width":1280,"height":468},{"@type":"BreadcrumbList","@id":"https:\/\/thomasvoland.com\/blog\/sprzet-do-beauty\/#breadcrumb","itemListElement":[{"@type":"ListItem","position":1,"name":"Strona g\u0142\u00f3wna","item":"https:\/\/thomasvoland.com\/blog\/"},{"@type":"ListItem","position":2,"name":"Sprz\u0119t do beauty\/fashion \u2013 cz. 2: wyposa\u017cenie studyjne"}]},{"@type":"WebSite","@id":"https:\/\/thomasvoland.com\/blog\/#website","url":"https:\/\/thomasvoland.com\/blog\/","name":"Thomas Voland","description":"","publisher":{"@id":"https:\/\/thomasvoland.com\/blog\/#organization"},"potentialAction":[{"@type":"SearchAction","target":{"@type":"EntryPoint","urlTemplate":"https:\/\/thomasvoland.com\/blog\/?s={search_term_string}"},"query-input":{"@type":"PropertyValueSpecification","valueRequired":true,"valueName":"search_term_string"}}],"inLanguage":"pl-PL"},{"@type":"Organization","@id":"https:\/\/thomasvoland.com\/blog\/#organization","name":"Thomas Voland","url":"https:\/\/thomasvoland.com\/blog\/","logo":{"@type":"ImageObject","inLanguage":"pl-PL","@id":"https:\/\/thomasvoland.com\/blog\/#\/schema\/logo\/image\/","url":"https:\/\/thomasvoland.com\/blog\/wp-content\/uploads\/2023\/04\/voland-logo-2.png","contentUrl":"https:\/\/thomasvoland.com\/blog\/wp-content\/uploads\/2023\/04\/voland-logo-2.png","width":210,"height":45,"caption":"Thomas Voland"},"image":{"@id":"https:\/\/thomasvoland.com\/blog\/#\/schema\/logo\/image\/"},"sameAs":["https:\/\/www.facebook.com\/t.pluszczyk","https:\/\/x.com\/TomaszPluszczyk","https:\/\/www.instagram.com\/thomas_voland\/","https:\/\/www.youtube.com\/channel\/UCRWUS9d3Y3Pi-S9pVs9DKqA"]},{"@type":"Person","@id":"https:\/\/thomasvoland.com\/blog\/#\/schema\/person\/a2fe45ab834fc67a182b07e2b634b8fb","name":"Thomas Voland","image":{"@type":"ImageObject","inLanguage":"pl-PL","@id":"https:\/\/thomasvoland.com\/blog\/#\/schema\/person\/image\/","url":"https:\/\/secure.gravatar.com\/avatar\/663d664d6b3875c4a37077bc16b96169?s=96&d=mm&r=g","contentUrl":"https:\/\/secure.gravatar.com\/avatar\/663d664d6b3875c4a37077bc16b96169?s=96&d=mm&r=g","caption":"Thomas Voland"},"description":"Od kilku lat robi\u0119 zdj\u0119cia beauty i fashion, a efekty pokazuj\u0119 na tym blogu. Razem z opisami sesji publikuj\u0119 schematy o\u015bwietlenia, zdj\u0119cia zza kulis i wszystko to, co istotne podczas fotografowania. Mieszkam w Azji, ale czasami zdarza mi si\u0119 wpa\u015b\u0107 do Polski.","sameAs":["https:\/\/www.facebook.com\/voland.thomas","https:\/\/x.com\/https:\/\/twitter.com\/thomas_voland","http:\/\/youtube.com\/c\/ThomasVoland"]}]}},"jetpack_featured_media_url":"https:\/\/thomasvoland.com\/blog\/wp-content\/uploads\/2013\/03\/top1.jpg","jetpack_shortlink":"https:\/\/wp.me\/p2VD7q-fi","jetpack_sharing_enabled":true,"_links":{"self":[{"href":"https:\/\/thomasvoland.com\/blog\/wp-json\/wp\/v2\/posts\/948","targetHints":{"allow":["GET"]}}],"collection":[{"href":"https:\/\/thomasvoland.com\/blog\/wp-json\/wp\/v2\/posts"}],"about":[{"href":"https:\/\/thomasvoland.com\/blog\/wp-json\/wp\/v2\/types\/post"}],"author":[{"embeddable":true,"href":"https:\/\/thomasvoland.com\/blog\/wp-json\/wp\/v2\/users\/1"}],"replies":[{"embeddable":true,"href":"https:\/\/thomasvoland.com\/blog\/wp-json\/wp\/v2\/comments?post=948"}],"version-history":[{"count":37,"href":"https:\/\/thomasvoland.com\/blog\/wp-json\/wp\/v2\/posts\/948\/revisions"}],"predecessor-version":[{"id":9088,"href":"https:\/\/thomasvoland.com\/blog\/wp-json\/wp\/v2\/posts\/948\/revisions\/9088"}],"wp:featuredmedia":[{"embeddable":true,"href":"https:\/\/thomasvoland.com\/blog\/wp-json\/wp\/v2\/media\/1661"}],"wp:attachment":[{"href":"https:\/\/thomasvoland.com\/blog\/wp-json\/wp\/v2\/media?parent=948"}],"wp:term":[{"taxonomy":"category","embeddable":true,"href":"https:\/\/thomasvoland.com\/blog\/wp-json\/wp\/v2\/categories?post=948"},{"taxonomy":"post_tag","embeddable":true,"href":"https:\/\/thomasvoland.com\/blog\/wp-json\/wp\/v2\/tags?post=948"}],"curies":[{"name":"wp","href":"https:\/\/api.w.org\/{rel}","templated":true}]}}