{"id":4512,"date":"2014-08-29T17:29:31","date_gmt":"2014-08-29T15:29:31","guid":{"rendered":"https:\/\/thomasvoland.com\/blog\/?p=4512"},"modified":"2017-02-14T12:57:02","modified_gmt":"2017-02-14T11:57:02","slug":"kala-czerni-opis-lamp-jinbei-msn-ii-dpsiii","status":"publish","type":"post","link":"https:\/\/thomasvoland.com\/blog\/kala-czerni-opis-lamp-jinbei-msn-ii-dpsiii\/","title":{"rendered":"Kala w czerni i opis lamp Jinbei MSN II (vs. DPsIII)"},"content":{"rendered":"<p style=\"text-align: justify;\">Kolejna sesja zrobiona w Polsce. W ci\u0105gu ostatnich kilku dni wykona\u0142em ich ca\u0142kiem sporo. G\u0142\u00f3wnie z Klaudi\u0105 Danch, kt\u00f3ra i tak przewija si\u0119 przez t\u0119 stron\u0119 co chwil\u0119. By\u0142a te\u017c Karolina Zientek jako wiza\u017cystka i asystuj\u0105cy Mateusz &#8222;Pro&#8221; Prociak, czyli ekipa ponownie w komplecie. To kolejna z sesji realizowanych na lampach Jinbei MSN II i dzisiaj je szerzej opisz\u0119, a tak\u017ce por\u00f3wnam do modelu DPsIII.<\/p>\n<p style=\"text-align: justify;\">Ju\u017c wcze\u015bniej pisa\u0142em, \u017ce Bangkok mnie troch\u0119 rozleniwi\u0142, o czym zreszt\u0105 ka\u017cdy kto tam mieszka, mnie ostrzega\u0142\u2026 Mia\u0142em robi\u0107 sesj\u0119 za sesj\u0105, a przez p\u00f3\u0142 roku nie zrobi\u0142em ani jednej. Zamiast zdj\u0119\u0107 by\u0142o ogl\u0105danie film\u00f3w, chodzenie na miasto i wszystko to, co niezwi\u0105zane z fotografi\u0105. Aparatu w r\u0119kach przez ten czas nie mia\u0142em ani razu. <!--more-->To wszystko g\u0142\u00f3wnie za spraw\u0105 zmiany mieszkania na mniejsze, przynajmniej tak sobie to t\u0142umacz\u0119. W poprzednim lokum mog\u0142em mie\u0107 rozstawiony ca\u0142y sprz\u0119t studyjny non stop i nie przeszkadza\u0142. Po przenosinach by\u0142 schowany w szafie i po ka\u017cdej sesji musia\u0142by tam wr\u00f3ci\u0107, inaczej bym si\u0119 o niego potyka\u0142. Wniosek jest prosty &#8211; trzeba ponownie zmieni\u0107 mieszkanie, ale na sam\u0105 my\u015bl o przenoszeniu wszystkiego mam do\u015b\u0107. Najlepiej jak wynajm\u0119 jakie\u015b puste pomieszczenie typu magazyn, specjalnie pod zrobienie w nim studio. Wtedy b\u0119dzie przestronne i wystarczaj\u0105co wysoko. Tylko takie co\u015b&nbsp;musia\u0142oby by\u0107 bardzo blisko miejsca w jakim mieszkam. Ju\u017c wcze\u015bniej mia\u0142em plan z wynajmem osobnego&nbsp;lokalu, ale nie pr\u00f3bowa\u0142em go jeszcze realizowa\u0107. Tym razem chyba to zrobi\u0119 &#8211; nareszcie mia\u0142bym motywacj\u0119 do robienia zdj\u0119\u0107. Jeszcze zobaczymy jak b\u0119dzie,&nbsp;w okolicach pa\u017adziernika zdecyduj\u0119.<\/p>\n<h2 style=\"text-align: justify;\">Sesja<\/h2>\n<p style=\"text-align: justify;\">Wcacaj\u0105c do sesji z <a href=\"http:\/\/www.maxmodels.pl\/modelka-ladycroft7777.html\">Klaudi\u0105<\/a>. Jak zwykle by\u0142a niemal 100-procentowa prowizorka. Nie wiadomo jakie zdj\u0119cia robimy, ale jakie\u015b na pewno. <a href=\"https:\/\/www.facebook.com\/karolinazmakeupartist\">Karolina<\/a> nie mia\u0142a czasu by\u0107 na sesji, wi\u0119c malowa\u0142a modelk\u0119 wcze\u015bniej u siebie. Pro nie m\u00f3g\u0142 by\u0107 od pocz\u0105tku, ale dotar\u0142 na p\u00f3\u017aniejsze uj\u0119cia, czyli np. to go omin\u0119\u0142o:<\/p>\n<p style=\"text-align: justify;\"><a href=\"https:\/\/thomasvoland.com\/blog\/wp-content\/uploads\/2014\/08\/Untitled-11.jpg\"><img fetchpriority=\"high\" decoding=\"async\" class=\"aligncenter size-thumbnail wp-image-4543\" src=\"https:\/\/thomasvoland.com\/blog\/wp-content\/uploads\/2014\/08\/Untitled-11-680x1021.jpg\" alt=\"Lampa Jinbei MSN II\" width=\"680\" height=\"1021\" srcset=\"https:\/\/thomasvoland.com\/blog\/wp-content\/uploads\/2014\/08\/Untitled-11-680x1021.jpg 680w, https:\/\/thomasvoland.com\/blog\/wp-content\/uploads\/2014\/08\/Untitled-11-1920x2885.jpg 1920w, https:\/\/thomasvoland.com\/blog\/wp-content\/uploads\/2014\/08\/Untitled-11-870x1307.jpg 870w, https:\/\/thomasvoland.com\/blog\/wp-content\/uploads\/2014\/08\/Untitled-11-768x1154.jpg 768w, https:\/\/thomasvoland.com\/blog\/wp-content\/uploads\/2014\/08\/Untitled-11.jpg 720w\" sizes=\"(max-width: 680px) 100vw, 680px\" \/><\/a><\/p>\n<p style=\"text-align: center;\">Nikon D700 | Nikkor&nbsp;135mm 2D DC | F\/8 | 1\/200 | ISO 200<\/p>\n<p style=\"text-align: justify;\"><a href=\"https:\/\/thomasvoland.com\/blog\/wp-content\/uploads\/2014\/08\/kalablackmsn.jpg\"><img decoding=\"async\" class=\"aligncenter size-full wp-image-4552\" src=\"https:\/\/thomasvoland.com\/blog\/wp-content\/uploads\/2014\/08\/kalablackmsn.jpg\" alt=\"schemat o\u015bwietlenia studio\" width=\"680\" height=\"603\" srcset=\"https:\/\/thomasvoland.com\/blog\/wp-content\/uploads\/2014\/08\/kalablackmsn.jpg 680w, https:\/\/thomasvoland.com\/blog\/wp-content\/uploads\/2014\/08\/kalablackmsn-1920x1702.jpg 1920w, https:\/\/thomasvoland.com\/blog\/wp-content\/uploads\/2014\/08\/kalablackmsn-870x771.jpg 870w, https:\/\/thomasvoland.com\/blog\/wp-content\/uploads\/2014\/08\/kalablackmsn-768x681.jpg 768w\" sizes=\"(max-width: 680px) 100vw, 680px\" \/><\/a><\/p>\n<p style=\"text-align: justify;\">Nie za bardzo jest co opisywa\u0107, bo ka\u017cde tego typu beauty robi\u0119 prawie tak samo i opis\u00f3w by\u0142o ju\u017c mn\u00f3stwo; Beauty dish, kontry w stripach, lampa na t\u0142o i parasol na ziemi. Akurat tym razem&nbsp;parasolki zabrak\u0142o &#8211; to g\u0142\u00f3wnie dlatego, \u017ce beauty dish by\u0142 bli\u017cej i ni\u017cej ni\u017c zazwyczaj, a to sprawi\u0142o, \u017ce oczy zosta\u0142y w miar\u0119 poprawnie roz\u015bwietlone (parasola u\u017cywam tylko do robienia blik\u00f3w w oczach i rozja\u015bniania&nbsp;t\u0119cz\u00f3wek). A tak serio to chyba o tym parasolu zapomnia\u0142em\u2026 Mimo wszystko lepiej by\u0142oby z nim. Po prostu nie by\u0142 obowi\u0105zkowy tak jak zwykle, wi\u0119c nie zwr\u00f3ci\u0142em uwagi, \u017ce go nie ma. Kontry s\u0105 &nbsp;g\u0142\u00f3wnie ze wzgl\u0119du na w\u0142osy, bez nich fryzura by\u0142aby czarn\u0105 plam\u0105 w wielu miejscach.<\/p>\n<p style=\"text-align: justify;\"><a href=\"https:\/\/thomasvoland.com\/blog\/wp-content\/uploads\/2014\/08\/Untitled-21.jpg\"><img decoding=\"async\" class=\"aligncenter size-thumbnail wp-image-4545\" src=\"https:\/\/thomasvoland.com\/blog\/wp-content\/uploads\/2014\/08\/Untitled-21-680x983.jpg\" alt=\"Jinbei MSN II\" width=\"680\" height=\"983\" srcset=\"https:\/\/thomasvoland.com\/blog\/wp-content\/uploads\/2014\/08\/Untitled-21-680x983.jpg 680w, https:\/\/thomasvoland.com\/blog\/wp-content\/uploads\/2014\/08\/Untitled-21-1920x2776.jpg 1920w, https:\/\/thomasvoland.com\/blog\/wp-content\/uploads\/2014\/08\/Untitled-21-870x1257.jpg 870w, https:\/\/thomasvoland.com\/blog\/wp-content\/uploads\/2014\/08\/Untitled-21-768x1110.jpg 768w, https:\/\/thomasvoland.com\/blog\/wp-content\/uploads\/2014\/08\/Untitled-21.jpg 720w\" sizes=\"(max-width: 680px) 100vw, 680px\" \/><\/a><\/p>\n<p style=\"text-align: center;\">Nikon D700 | Nikkor&nbsp;135mm 2D DC | F\/8 | 1\/200 | ISO 200<\/p>\n<p style=\"text-align: justify;\">Na drugim zdj\u0119ciu&nbsp;setup jest ten sam, ale poniewa\u017c&nbsp;Klaudia jest obr\u00f3cona bokiem, to o\u015bwietlenie twarzy zrobi\u0142o si\u0119&nbsp;zupe\u0142nie inne. Normalnie w takiej sytuacji przesun\u0105\u0142bym lamp\u0119 bardziej w prawo, tak \u017ceby na policzku pojawi\u0142 si\u0119 cie\u0144.<\/p>\n<p style=\"text-align: justify;\">Oba zdj\u0119cia obrabia\u0142em wywo\u0142uj\u0105c je z profilem kolorystycznym D2X Mode 1 v4, a nie jak to robi\u0119 niemal zawsze DX2 Mode 2 v4. Dlatego kolorystyka jest nieco inna ni\u017c zwykle. Akurat do tych zdj\u0119\u0107 taka mi bardziej pasowa\u0142a.<\/p>\n<h2 style=\"text-align: justify;\">Jinbei MSN II (vs. Jinbei DPsIII)<\/h2>\n<p style=\"text-align: justify;\">Ale nie nudz\u0105c ju\u017c d\u0142u\u017cej o setupie\u2026 Lampy! To o nie dzisiaj chodzi. Ostatnio obiecywa\u0142em opisa\u0107 szerzej to czego teraz u\u017cywam, czyli <a href=\"https:\/\/fripers.pl\/advanced_search_result.php?keywords=msn+ii&amp;x=-1128&amp;y=-111\">Jinbei Milestone New II<\/a>, zwane potocznie MSN II. Z jednej strony to lampy tanie jak na swoj\u0105 moc i specyfikacj\u0119, wi\u0119c mo\u017cna zak\u0142ada\u0107, \u017ce nic dobrego z tego nie wyniknie. Z drugiej strony producentem jest Jinbei, czyli firma, kt\u00f3ra zrobi\u0142a model <a href=\"https:\/\/fripers.pl\/product_info.php\/info\/p2119_Lampa-studyjna-DPsIII-800-Zdalne-Sterowanie-Jinbei.html\">DPsIII<\/a>. To w\u0142a\u015bnie ten model od roku uwa\u017cam za najlepszy w kategorii cena\/jako\u015b\u0107, a jednocze\u015bnie za najta\u0144szy, jaki kwalifikuje si\u0119 do moich zastosowa\u0144 (jako lampa g\u0142\u00f3wna). Od razu napisz\u0119, \u017ce MSN II okaza\u0142y si\u0119 ca\u0142kiem fajne i stosunek ceny do jako\u015bci maj\u0105 r\u00f3wnie dobry co DPsIII, ale mimo podobnej mocy i ceny, to zupe\u0142nie inne produkty o mocno r\u00f3\u017cni\u0105cych si\u0119 parametrach.<\/p>\n<p style=\"text-align: justify;\"><a href=\"https:\/\/thomasvoland.com\/blog\/wp-content\/uploads\/2014\/08\/DSC00346.jpg\"><img loading=\"lazy\" decoding=\"async\" class=\"aligncenter size-thumbnail wp-image-4549\" src=\"https:\/\/thomasvoland.com\/blog\/wp-content\/uploads\/2014\/08\/DSC00346-680x352.jpg\" alt=\"Jinbei MSN II\" width=\"680\" height=\"352\" srcset=\"https:\/\/thomasvoland.com\/blog\/wp-content\/uploads\/2014\/08\/DSC00346-680x352.jpg 680w, https:\/\/thomasvoland.com\/blog\/wp-content\/uploads\/2014\/08\/DSC00346-1920x996.jpg 1920w, https:\/\/thomasvoland.com\/blog\/wp-content\/uploads\/2014\/08\/DSC00346-870x451.jpg 870w, https:\/\/thomasvoland.com\/blog\/wp-content\/uploads\/2014\/08\/DSC00346-768x398.jpg 768w, https:\/\/thomasvoland.com\/blog\/wp-content\/uploads\/2014\/08\/DSC00346.jpg 1000w\" sizes=\"(max-width: 680px) 100vw, 680px\" \/><\/a><\/p>\n<p style=\"text-align: justify;\">Jinbei MSN II maj\u0105 bardzo du\u017c\u0105 regulacj\u0119 mocy &#8211; a\u017c do 1\/128, kiedy standardem jest 1\/32 (i w\u0142a\u015bnie tyle jest w DPsIII). Nie trzeba si\u0119 te\u017c przejmowa\u0107 wyzwalaniem radiowym, bo jest wbudowane w oba modele, czyli wystarczy kupi\u0107 sam nadajnik i nie trzeba niczego wpina\u0107 w lampy. Da si\u0119&nbsp;w ten spos\u00f3b regulowa\u0107 te\u017c moc, jednak W MSN nie tak jakbym chcia\u0142.<\/p>\n<p style=\"text-align: justify;\"><a href=\"https:\/\/thomasvoland.com\/blog\/wp-content\/uploads\/2014\/08\/2014-08-29-17.11.37.jpg\"><img loading=\"lazy\" decoding=\"async\" class=\"aligncenter size-thumbnail wp-image-4558\" src=\"https:\/\/thomasvoland.com\/blog\/wp-content\/uploads\/2014\/08\/2014-08-29-17.11.37-680x444.jpg\" alt=\"wyzwalacz radiowy jinbei\" width=\"680\" height=\"444\" srcset=\"https:\/\/thomasvoland.com\/blog\/wp-content\/uploads\/2014\/08\/2014-08-29-17.11.37-680x444.jpg 680w, https:\/\/thomasvoland.com\/blog\/wp-content\/uploads\/2014\/08\/2014-08-29-17.11.37-1920x1255.jpg 1920w, https:\/\/thomasvoland.com\/blog\/wp-content\/uploads\/2014\/08\/2014-08-29-17.11.37-870x568.jpg 870w, https:\/\/thomasvoland.com\/blog\/wp-content\/uploads\/2014\/08\/2014-08-29-17.11.37-768x502.jpg 768w, https:\/\/thomasvoland.com\/blog\/wp-content\/uploads\/2014\/08\/2014-08-29-17.11.37.jpg 1000w\" sizes=\"(max-width: 680px) 100vw, 680px\" \/><\/a><\/p>\n<p style=\"text-align: justify;\">Nie mo\u017cna&nbsp;grupowa\u0107 lamp &#8211; je\u015bli mam 5 sztuk MSN II przypisanych do tego samego kana\u0142u, to moc b\u0119dzie si\u0119 zmienia\u0142a we wszystkich jednocze\u015bnie. Poza tym na wyzwalaczu brakuje wy\u015bwietlacza, kt\u00f3ry pokazywa\u0142by aktualne ustawienia. Tak wi\u0119c traktujcie to bardziej jako wyzwalanie radiowe, a nie jak pe\u0142noprawnego pilota.&nbsp;Pod wzgl\u0119dem radia DPsIII wypada lepiej.<\/p>\n<p style=\"text-align: justify;\">W obu modelach jako \u015bwiat\u0142o modeluj\u0105ce zastosowano halogen o podobnej mocy (250 W dla DPsIII i 300 W dla MSN II). Dla mnie do\u015b\u0107 istotne jest mie\u0107 minimum 200 W &#8211; jak si\u0119 \u015bwieci du\u017cym beauty dishem z gridem, to&nbsp;jednak sporo \u015bwiat\u0142a znika. Pami\u0119tajmy te\u017c o tym, \u017ce pilot przydaje si\u0119 nie tylko do kontrolowania rozk\u0142adu \u015bwiat\u0142a, czy wspomagania autofocusa, ale ma te\u017c wp\u0142yw na finalne zdj\u0119cia &#8211; odpowiada za to, jak wygl\u0105daj\u0105 oczy modelki: czy t\u0119cz\u00f3wki b\u0119d\u0105 wielkie, czy mo\u017ce ledwo widoczne (bo \u017arenica si\u0119 rozszerzy z braku \u015bwiat\u0142a). Akurat u Klaudii to nie b\u0119dzie bardzo&nbsp;zauwa\u017calne, ze wzgl\u0119du na bardzo ciemne&nbsp;t\u0119cz\u00f3wki. Niestety r\u0119czne ustawienie mocy \u015bwiat\u0142a pilotuj\u0105cego&nbsp;w Jinbei MSN II jest niemo\u017cliwe &#8211; albo \u015bwieci maksymalnie, albo proporcjonalnie do mocy b\u0142ysku (oczywi\u015bcie mo\u017cna go te\u017c zupe\u0142nie wy\u0142\u0105czy\u0107).<\/p>\n<p style=\"text-align: justify;\">Na lampie MSN II umieszczono filtr UV, kt\u00f3ry w teorii zamaskuje nieco \u017cy\u0142y widoczne pod sk\u00f3r\u0105, a w praktyce najbardziej przyda si\u0119 po prostu jako dodatkowe zabezpieczenie, \u015bwietnie chroni\u0105ce palnik i pilot, w razie przypadkowego uderzenia. Kilka lat temu jedynie bardzo drogie lampy posiada\u0142y tak\u0105 os\u0142on\u0119.<\/p>\n<p style=\"text-align: justify;\">Kolejnym parametrem, kt\u00f3ry mo\u017ce przemawia\u0107 za kupnem MSN II, jest bardzo kr\u00f3tki czas b\u0142ysku &#8211; bli\u017cszy temu z lamp reporterskich, ni\u017c studyjnych. To bardzo rzadko spotykana cecha. Oznacza&nbsp;to, \u017ce nawet przy modelce energicznie ta\u0144cz\u0105cej na scenie, nie trzeba si\u0119 martwi\u0107 o poruszenia. Parkinson u fotografa te\u017c im niegro\u017any. Jak kto\u015b robi zdj\u0119cia sportowe czy inne dynamiczne uj\u0119cia, to w\u0142a\u015bnie ta cecha mo\u017ce przes\u0105dzi\u0107 o kupnie MSN II.<\/p>\n<p style=\"text-align: justify;\">Reszta jest ju\u017c bardziej standardowa &#8211; mocowanie Bowens, wymienny palnik, regulacja potencjometrem (z parametrami wy\u015bwietlanymi na LCD), fotocela i sygna\u0142 d\u017awi\u0119kowy. Wszystko na panelu umieszczonym z ty\u0142u lampy.<\/p>\n<p style=\"text-align: justify;\"><a href=\"https:\/\/thomasvoland.com\/blog\/wp-content\/uploads\/2014\/08\/2014-08-29-17.01.06.jpg\"><img loading=\"lazy\" decoding=\"async\" class=\"aligncenter size-thumbnail wp-image-4556\" src=\"https:\/\/thomasvoland.com\/blog\/wp-content\/uploads\/2014\/08\/2014-08-29-17.01.06-680x510.jpg\" alt=\"2014-08-29-17.01.06\" width=\"680\" height=\"510\" srcset=\"https:\/\/thomasvoland.com\/blog\/wp-content\/uploads\/2014\/08\/2014-08-29-17.01.06-680x510.jpg 680w, https:\/\/thomasvoland.com\/blog\/wp-content\/uploads\/2014\/08\/2014-08-29-17.01.06-1920x1440.jpg 1920w, https:\/\/thomasvoland.com\/blog\/wp-content\/uploads\/2014\/08\/2014-08-29-17.01.06-870x652.jpg 870w, https:\/\/thomasvoland.com\/blog\/wp-content\/uploads\/2014\/08\/2014-08-29-17.01.06-768x576.jpg 768w, https:\/\/thomasvoland.com\/blog\/wp-content\/uploads\/2014\/08\/2014-08-29-17.01.06.jpg 900w\" sizes=\"(max-width: 680px) 100vw, 680px\" \/><\/a><\/p>\n<h2 style=\"text-align: justify;\">Backstage<\/h2>\n<p>Backstage z p\u00f3\u017aniej zrobionych zdj\u0119\u0107 ca\u0142ej postaci, bo przy robieniu beauty nie by\u0142o nikogo, kto m\u00f3g\u0142by je zrobi\u0107.<\/p>\n<p><img decoding=\"async\" class=\"ngg_displayed_gallery mceItem\" src=\"https:\/\/thomasvoland.com\/blog\/nextgen-attach_to_post\/preview\/id--4541\" alt=\"\"><\/p>\n<h2 style=\"text-align: justify;\">Podsumowanie<\/h2>\n<p style=\"text-align: justify;\">Skupi\u0142em na najmocniejszych modelach (800 Ws), ale s\u0105 te\u017c s\u0142absze. Tutaj mo\u017cecie zobaczy\u0107 wszystkie razem z cenami &#8211; <a href=\"https:\/\/fripers.pl\/advanced_search_result.php?keywords=lampa+jinbei+msn+ii&amp;x=-1128&amp;y=-111\">link<\/a>. U\u017cywa\u0142em te\u017c 400 Ws jako kontr czy \u015bwiat\u0142a na t\u0142o.<\/p>\n<p style=\"text-align: justify;\">Jakbym mia\u0142 wybiera\u0107 pomi\u0119dzy DPsIII a MSN II, to mimo wszystko mia\u0142bym dylemat, jednak&nbsp;wi\u0119kszo\u015b\u0107 z was go mie\u0107 nie b\u0119dzie. Ju\u017c t\u0142umacz\u0119 &#8211; MSN wygrywa pod wieloma wzgl\u0119dami, jednak ja portret\u00f3w czy fotografii produktowej nie robi\u0119, wi\u0119c tak wielka regulacja mocy by\u0142aby zupe\u0142nie niewykorzystywana. Za Milestone New II przemawia ni\u017csza waga i szybsze \u0142adowanie, ale to kolejne rzeczy, kt\u00f3re by\u0142bym w stanie przebole\u0107 w zamian za wygodniejsze radiowe sterowanie (chocia\u017c to w DPsIII te\u017c nie jest idealne). Jak kto\u015b nie ma tak sprecyzowanych wymaga\u0144 jak ja, to jednak model MSN II jest zdecydowanie bardziej uniwersalny i to go bym poleca\u0142 osobom, kt\u00f3re chc\u0105 lamp\u0119 \u201edo wszystkiego\u201d. &nbsp;Jak znacie jak\u0105\u015b konkurencyjn\u0105 lamp\u0119 do MSN II (podobne parametry i cena), to dajcie zna\u0107. &nbsp;Jakby si\u0119 okaza\u0142o, \u017ce taka istnieje,&nbsp;to postaram si\u0119 j\u0105 sprawdzi\u0107 w akcji. Jednak wydaje mi si\u0119, \u017ce nie ma bezpo\u015bredniego konkurenta na polskim rynku. S\u0105 ta\u0144sze i gorsze, lub lepsze, ale o wiele dro\u017csze.<\/p>\n<p style=\"text-align: justify;\">Sprz\u0119t na sesj\u0119 dostarczy\u0142 <a href=\"https:\/\/Fripers.pl\">Fripers.pl<\/a><\/p>\n<h2 style=\"text-align: justify;\">PS.<\/h2>\n<p style=\"text-align: justify;\">Bardzo mo\u017cliwe, \u017ce zaktualizuj\u0119 ten wpis o zdj\u0119cia ca\u0142ej sylwetki. Dam zna\u0107 na <a href=\"https:\/\/www.facebook.com\/t.pluszczyk\">fanpage<\/a>.<\/p>\n","protected":false},"excerpt":{"rendered":"<p>Kolejna sesja zrobiona w Polsce. W ci\u0105gu ostatnich kilku dni wykona\u0142em ich ca\u0142kiem sporo. G\u0142\u00f3wnie z Klaudi\u0105 Danch, kt\u00f3ra i tak przewija si\u0119 przez t\u0119 stron\u0119 co chwil\u0119. By\u0142a te\u017c Karolina Zientek jako wiza\u017cystka i asystuj\u0105cy Mateusz &#8222;Pro&#8221; Prociak, czyli ekipa ponownie w komplecie. To kolejna z sesji realizowanych na lampach Jinbei MSN II i [&hellip;]<\/p>\n","protected":false},"author":1,"featured_media":4553,"comment_status":"closed","ping_status":"open","sticky":false,"template":"","format":"standard","meta":{"om_disable_all_campaigns":false,"_jetpack_newsletter_access":"","_jetpack_dont_email_post_to_subs":false,"_jetpack_newsletter_tier_id":0,"_jetpack_memberships_contains_paywalled_content":false,"_jetpack_memberships_contains_paid_content":false,"footnotes":""},"categories":[26,28],"tags":[133,110,142,143],"class_list":["post-4512","post","type-post","status-publish","format-standard","has-post-thumbnail","hentry","category-sesje-zdjeciowe","category-sprzet","tag-dpsiii","tag-jinbei","tag-klaudia","tag-msn-ii"],"yoast_head":"<!-- This site is optimized with the Yoast SEO plugin v23.9 - https:\/\/yoast.com\/wordpress\/plugins\/seo\/ -->\n<title>Kala w czerni i opis lamp Jinbei MSN II (vs. DPsIII) - Thomas Voland<\/title>\n<meta name=\"robots\" content=\"index, follow, max-snippet:-1, max-image-preview:large, max-video-preview:-1\" \/>\n<link rel=\"canonical\" href=\"https:\/\/thomasvoland.com\/blog\/kala-czerni-opis-lamp-jinbei-msn-ii-dpsiii\/\" \/>\n<meta property=\"og:locale\" content=\"pl_PL\" \/>\n<meta property=\"og:type\" content=\"article\" \/>\n<meta property=\"og:title\" content=\"Kala w czerni i opis lamp Jinbei MSN II (vs. DPsIII) - Thomas Voland\" \/>\n<meta property=\"og:description\" content=\"Kolejna sesja zrobiona w Polsce. W ci\u0105gu ostatnich kilku dni wykona\u0142em ich ca\u0142kiem sporo. G\u0142\u00f3wnie z Klaudi\u0105 Danch, kt\u00f3ra i tak przewija si\u0119 przez t\u0119 stron\u0119 co chwil\u0119. By\u0142a te\u017c Karolina Zientek jako wiza\u017cystka i asystuj\u0105cy Mateusz &#8222;Pro&#8221; Prociak, czyli ekipa ponownie w komplecie. To kolejna z sesji realizowanych na lampach Jinbei MSN II i [&hellip;]\" \/>\n<meta property=\"og:url\" content=\"https:\/\/thomasvoland.com\/blog\/kala-czerni-opis-lamp-jinbei-msn-ii-dpsiii\/\" \/>\n<meta property=\"og:site_name\" content=\"Thomas Voland\" \/>\n<meta property=\"article:publisher\" content=\"https:\/\/www.facebook.com\/t.pluszczyk\" \/>\n<meta property=\"article:author\" content=\"https:\/\/www.facebook.com\/voland.thomas\" \/>\n<meta property=\"article:published_time\" content=\"2014-08-29T15:29:31+00:00\" \/>\n<meta property=\"article:modified_time\" content=\"2017-02-14T11:57:02+00:00\" \/>\n<meta property=\"og:image\" content=\"https:\/\/tomaszpluszczyk.pl\/wp-content\/uploads\/2014\/08\/topblack.jpg\" \/>\n\t<meta property=\"og:image:width\" content=\"1000\" \/>\n\t<meta property=\"og:image:height\" content=\"618\" \/>\n\t<meta property=\"og:image:type\" content=\"image\/jpeg\" \/>\n<meta name=\"author\" content=\"Thomas Voland\" \/>\n<meta name=\"twitter:card\" content=\"summary_large_image\" \/>\n<meta name=\"twitter:creator\" content=\"@https:\/\/twitter.com\/thomas_voland\" \/>\n<meta name=\"twitter:site\" content=\"@TomaszPluszczyk\" \/>\n<meta name=\"twitter:label1\" content=\"Napisane przez\" \/>\n\t<meta name=\"twitter:data1\" content=\"Thomas Voland\" \/>\n\t<meta name=\"twitter:label2\" content=\"Szacowany czas czytania\" \/>\n\t<meta name=\"twitter:data2\" content=\"7 minut\" \/>\n<script type=\"application\/ld+json\" class=\"yoast-schema-graph\">{\"@context\":\"https:\/\/schema.org\",\"@graph\":[{\"@type\":\"Article\",\"@id\":\"https:\/\/thomasvoland.com\/blog\/kala-czerni-opis-lamp-jinbei-msn-ii-dpsiii\/#article\",\"isPartOf\":{\"@id\":\"https:\/\/thomasvoland.com\/blog\/kala-czerni-opis-lamp-jinbei-msn-ii-dpsiii\/\"},\"author\":{\"name\":\"Thomas Voland\",\"@id\":\"https:\/\/thomasvoland.com\/blog\/#\/schema\/person\/a2fe45ab834fc67a182b07e2b634b8fb\"},\"headline\":\"Kala w czerni i opis lamp Jinbei MSN II (vs. DPsIII)\",\"datePublished\":\"2014-08-29T15:29:31+00:00\",\"dateModified\":\"2017-02-14T11:57:02+00:00\",\"mainEntityOfPage\":{\"@id\":\"https:\/\/thomasvoland.com\/blog\/kala-czerni-opis-lamp-jinbei-msn-ii-dpsiii\/\"},\"wordCount\":1494,\"publisher\":{\"@id\":\"https:\/\/thomasvoland.com\/blog\/#organization\"},\"image\":{\"@id\":\"https:\/\/thomasvoland.com\/blog\/kala-czerni-opis-lamp-jinbei-msn-ii-dpsiii\/#primaryimage\"},\"thumbnailUrl\":\"https:\/\/thomasvoland.com\/blog\/wp-content\/uploads\/2014\/08\/topblack.jpg\",\"keywords\":[\"dpsiii\",\"jinbei\",\"klaudia\",\"msn ii\"],\"articleSection\":[\"Sesje zdj\u0119ciowe\",\"Sprz\u0119t\"],\"inLanguage\":\"pl-PL\"},{\"@type\":\"WebPage\",\"@id\":\"https:\/\/thomasvoland.com\/blog\/kala-czerni-opis-lamp-jinbei-msn-ii-dpsiii\/\",\"url\":\"https:\/\/thomasvoland.com\/blog\/kala-czerni-opis-lamp-jinbei-msn-ii-dpsiii\/\",\"name\":\"Kala w czerni i opis lamp Jinbei MSN II (vs. DPsIII) - Thomas Voland\",\"isPartOf\":{\"@id\":\"https:\/\/thomasvoland.com\/blog\/#website\"},\"primaryImageOfPage\":{\"@id\":\"https:\/\/thomasvoland.com\/blog\/kala-czerni-opis-lamp-jinbei-msn-ii-dpsiii\/#primaryimage\"},\"image\":{\"@id\":\"https:\/\/thomasvoland.com\/blog\/kala-czerni-opis-lamp-jinbei-msn-ii-dpsiii\/#primaryimage\"},\"thumbnailUrl\":\"https:\/\/thomasvoland.com\/blog\/wp-content\/uploads\/2014\/08\/topblack.jpg\",\"datePublished\":\"2014-08-29T15:29:31+00:00\",\"dateModified\":\"2017-02-14T11:57:02+00:00\",\"breadcrumb\":{\"@id\":\"https:\/\/thomasvoland.com\/blog\/kala-czerni-opis-lamp-jinbei-msn-ii-dpsiii\/#breadcrumb\"},\"inLanguage\":\"pl-PL\",\"potentialAction\":[{\"@type\":\"ReadAction\",\"target\":[\"https:\/\/thomasvoland.com\/blog\/kala-czerni-opis-lamp-jinbei-msn-ii-dpsiii\/\"]}]},{\"@type\":\"ImageObject\",\"inLanguage\":\"pl-PL\",\"@id\":\"https:\/\/thomasvoland.com\/blog\/kala-czerni-opis-lamp-jinbei-msn-ii-dpsiii\/#primaryimage\",\"url\":\"https:\/\/thomasvoland.com\/blog\/wp-content\/uploads\/2014\/08\/topblack.jpg\",\"contentUrl\":\"https:\/\/thomasvoland.com\/blog\/wp-content\/uploads\/2014\/08\/topblack.jpg\",\"width\":1000,\"height\":618},{\"@type\":\"BreadcrumbList\",\"@id\":\"https:\/\/thomasvoland.com\/blog\/kala-czerni-opis-lamp-jinbei-msn-ii-dpsiii\/#breadcrumb\",\"itemListElement\":[{\"@type\":\"ListItem\",\"position\":1,\"name\":\"Strona g\u0142\u00f3wna\",\"item\":\"https:\/\/thomasvoland.com\/blog\/\"},{\"@type\":\"ListItem\",\"position\":2,\"name\":\"Kala w czerni i opis lamp Jinbei MSN II (vs. DPsIII)\"}]},{\"@type\":\"WebSite\",\"@id\":\"https:\/\/thomasvoland.com\/blog\/#website\",\"url\":\"https:\/\/thomasvoland.com\/blog\/\",\"name\":\"Thomas Voland\",\"description\":\"\",\"publisher\":{\"@id\":\"https:\/\/thomasvoland.com\/blog\/#organization\"},\"potentialAction\":[{\"@type\":\"SearchAction\",\"target\":{\"@type\":\"EntryPoint\",\"urlTemplate\":\"https:\/\/thomasvoland.com\/blog\/?s={search_term_string}\"},\"query-input\":{\"@type\":\"PropertyValueSpecification\",\"valueRequired\":true,\"valueName\":\"search_term_string\"}}],\"inLanguage\":\"pl-PL\"},{\"@type\":\"Organization\",\"@id\":\"https:\/\/thomasvoland.com\/blog\/#organization\",\"name\":\"Thomas Voland\",\"url\":\"https:\/\/thomasvoland.com\/blog\/\",\"logo\":{\"@type\":\"ImageObject\",\"inLanguage\":\"pl-PL\",\"@id\":\"https:\/\/thomasvoland.com\/blog\/#\/schema\/logo\/image\/\",\"url\":\"https:\/\/thomasvoland.com\/blog\/wp-content\/uploads\/2023\/04\/voland-logo-2.png\",\"contentUrl\":\"https:\/\/thomasvoland.com\/blog\/wp-content\/uploads\/2023\/04\/voland-logo-2.png\",\"width\":210,\"height\":45,\"caption\":\"Thomas Voland\"},\"image\":{\"@id\":\"https:\/\/thomasvoland.com\/blog\/#\/schema\/logo\/image\/\"},\"sameAs\":[\"https:\/\/www.facebook.com\/t.pluszczyk\",\"https:\/\/x.com\/TomaszPluszczyk\",\"https:\/\/www.instagram.com\/thomas_voland\/\",\"https:\/\/www.youtube.com\/channel\/UCRWUS9d3Y3Pi-S9pVs9DKqA\"]},{\"@type\":\"Person\",\"@id\":\"https:\/\/thomasvoland.com\/blog\/#\/schema\/person\/a2fe45ab834fc67a182b07e2b634b8fb\",\"name\":\"Thomas Voland\",\"image\":{\"@type\":\"ImageObject\",\"inLanguage\":\"pl-PL\",\"@id\":\"https:\/\/thomasvoland.com\/blog\/#\/schema\/person\/image\/\",\"url\":\"https:\/\/secure.gravatar.com\/avatar\/663d664d6b3875c4a37077bc16b96169?s=96&d=mm&r=g\",\"contentUrl\":\"https:\/\/secure.gravatar.com\/avatar\/663d664d6b3875c4a37077bc16b96169?s=96&d=mm&r=g\",\"caption\":\"Thomas Voland\"},\"description\":\"Od kilku lat robi\u0119 zdj\u0119cia beauty i fashion, a efekty pokazuj\u0119 na tym blogu. Razem z opisami sesji publikuj\u0119 schematy o\u015bwietlenia, zdj\u0119cia zza kulis i wszystko to, co istotne podczas fotografowania. Mieszkam w Azji, ale czasami zdarza mi si\u0119 wpa\u015b\u0107 do Polski.\",\"sameAs\":[\"https:\/\/www.facebook.com\/voland.thomas\",\"https:\/\/x.com\/https:\/\/twitter.com\/thomas_voland\",\"http:\/\/youtube.com\/c\/ThomasVoland\"]}]}<\/script>\n<!-- \/ Yoast SEO plugin. -->","yoast_head_json":{"title":"Kala w czerni i opis lamp Jinbei MSN II (vs. DPsIII) - Thomas Voland","robots":{"index":"index","follow":"follow","max-snippet":"max-snippet:-1","max-image-preview":"max-image-preview:large","max-video-preview":"max-video-preview:-1"},"canonical":"https:\/\/thomasvoland.com\/blog\/kala-czerni-opis-lamp-jinbei-msn-ii-dpsiii\/","og_locale":"pl_PL","og_type":"article","og_title":"Kala w czerni i opis lamp Jinbei MSN II (vs. DPsIII) - Thomas Voland","og_description":"Kolejna sesja zrobiona w Polsce. W ci\u0105gu ostatnich kilku dni wykona\u0142em ich ca\u0142kiem sporo. G\u0142\u00f3wnie z Klaudi\u0105 Danch, kt\u00f3ra i tak przewija si\u0119 przez t\u0119 stron\u0119 co chwil\u0119. By\u0142a te\u017c Karolina Zientek jako wiza\u017cystka i asystuj\u0105cy Mateusz &#8222;Pro&#8221; Prociak, czyli ekipa ponownie w komplecie. To kolejna z sesji realizowanych na lampach Jinbei MSN II i [&hellip;]","og_url":"https:\/\/thomasvoland.com\/blog\/kala-czerni-opis-lamp-jinbei-msn-ii-dpsiii\/","og_site_name":"Thomas Voland","article_publisher":"https:\/\/www.facebook.com\/t.pluszczyk","article_author":"https:\/\/www.facebook.com\/voland.thomas","article_published_time":"2014-08-29T15:29:31+00:00","article_modified_time":"2017-02-14T11:57:02+00:00","og_image":[{"width":1000,"height":618,"url":"https:\/\/tomaszpluszczyk.pl\/wp-content\/uploads\/2014\/08\/topblack.jpg","type":"image\/jpeg"}],"author":"Thomas Voland","twitter_card":"summary_large_image","twitter_creator":"@https:\/\/twitter.com\/thomas_voland","twitter_site":"@TomaszPluszczyk","twitter_misc":{"Napisane przez":"Thomas Voland","Szacowany czas czytania":"7 minut"},"schema":{"@context":"https:\/\/schema.org","@graph":[{"@type":"Article","@id":"https:\/\/thomasvoland.com\/blog\/kala-czerni-opis-lamp-jinbei-msn-ii-dpsiii\/#article","isPartOf":{"@id":"https:\/\/thomasvoland.com\/blog\/kala-czerni-opis-lamp-jinbei-msn-ii-dpsiii\/"},"author":{"name":"Thomas Voland","@id":"https:\/\/thomasvoland.com\/blog\/#\/schema\/person\/a2fe45ab834fc67a182b07e2b634b8fb"},"headline":"Kala w czerni i opis lamp Jinbei MSN II (vs. DPsIII)","datePublished":"2014-08-29T15:29:31+00:00","dateModified":"2017-02-14T11:57:02+00:00","mainEntityOfPage":{"@id":"https:\/\/thomasvoland.com\/blog\/kala-czerni-opis-lamp-jinbei-msn-ii-dpsiii\/"},"wordCount":1494,"publisher":{"@id":"https:\/\/thomasvoland.com\/blog\/#organization"},"image":{"@id":"https:\/\/thomasvoland.com\/blog\/kala-czerni-opis-lamp-jinbei-msn-ii-dpsiii\/#primaryimage"},"thumbnailUrl":"https:\/\/thomasvoland.com\/blog\/wp-content\/uploads\/2014\/08\/topblack.jpg","keywords":["dpsiii","jinbei","klaudia","msn ii"],"articleSection":["Sesje zdj\u0119ciowe","Sprz\u0119t"],"inLanguage":"pl-PL"},{"@type":"WebPage","@id":"https:\/\/thomasvoland.com\/blog\/kala-czerni-opis-lamp-jinbei-msn-ii-dpsiii\/","url":"https:\/\/thomasvoland.com\/blog\/kala-czerni-opis-lamp-jinbei-msn-ii-dpsiii\/","name":"Kala w czerni i opis lamp Jinbei MSN II (vs. DPsIII) - Thomas Voland","isPartOf":{"@id":"https:\/\/thomasvoland.com\/blog\/#website"},"primaryImageOfPage":{"@id":"https:\/\/thomasvoland.com\/blog\/kala-czerni-opis-lamp-jinbei-msn-ii-dpsiii\/#primaryimage"},"image":{"@id":"https:\/\/thomasvoland.com\/blog\/kala-czerni-opis-lamp-jinbei-msn-ii-dpsiii\/#primaryimage"},"thumbnailUrl":"https:\/\/thomasvoland.com\/blog\/wp-content\/uploads\/2014\/08\/topblack.jpg","datePublished":"2014-08-29T15:29:31+00:00","dateModified":"2017-02-14T11:57:02+00:00","breadcrumb":{"@id":"https:\/\/thomasvoland.com\/blog\/kala-czerni-opis-lamp-jinbei-msn-ii-dpsiii\/#breadcrumb"},"inLanguage":"pl-PL","potentialAction":[{"@type":"ReadAction","target":["https:\/\/thomasvoland.com\/blog\/kala-czerni-opis-lamp-jinbei-msn-ii-dpsiii\/"]}]},{"@type":"ImageObject","inLanguage":"pl-PL","@id":"https:\/\/thomasvoland.com\/blog\/kala-czerni-opis-lamp-jinbei-msn-ii-dpsiii\/#primaryimage","url":"https:\/\/thomasvoland.com\/blog\/wp-content\/uploads\/2014\/08\/topblack.jpg","contentUrl":"https:\/\/thomasvoland.com\/blog\/wp-content\/uploads\/2014\/08\/topblack.jpg","width":1000,"height":618},{"@type":"BreadcrumbList","@id":"https:\/\/thomasvoland.com\/blog\/kala-czerni-opis-lamp-jinbei-msn-ii-dpsiii\/#breadcrumb","itemListElement":[{"@type":"ListItem","position":1,"name":"Strona g\u0142\u00f3wna","item":"https:\/\/thomasvoland.com\/blog\/"},{"@type":"ListItem","position":2,"name":"Kala w czerni i opis lamp Jinbei MSN II (vs. DPsIII)"}]},{"@type":"WebSite","@id":"https:\/\/thomasvoland.com\/blog\/#website","url":"https:\/\/thomasvoland.com\/blog\/","name":"Thomas Voland","description":"","publisher":{"@id":"https:\/\/thomasvoland.com\/blog\/#organization"},"potentialAction":[{"@type":"SearchAction","target":{"@type":"EntryPoint","urlTemplate":"https:\/\/thomasvoland.com\/blog\/?s={search_term_string}"},"query-input":{"@type":"PropertyValueSpecification","valueRequired":true,"valueName":"search_term_string"}}],"inLanguage":"pl-PL"},{"@type":"Organization","@id":"https:\/\/thomasvoland.com\/blog\/#organization","name":"Thomas Voland","url":"https:\/\/thomasvoland.com\/blog\/","logo":{"@type":"ImageObject","inLanguage":"pl-PL","@id":"https:\/\/thomasvoland.com\/blog\/#\/schema\/logo\/image\/","url":"https:\/\/thomasvoland.com\/blog\/wp-content\/uploads\/2023\/04\/voland-logo-2.png","contentUrl":"https:\/\/thomasvoland.com\/blog\/wp-content\/uploads\/2023\/04\/voland-logo-2.png","width":210,"height":45,"caption":"Thomas Voland"},"image":{"@id":"https:\/\/thomasvoland.com\/blog\/#\/schema\/logo\/image\/"},"sameAs":["https:\/\/www.facebook.com\/t.pluszczyk","https:\/\/x.com\/TomaszPluszczyk","https:\/\/www.instagram.com\/thomas_voland\/","https:\/\/www.youtube.com\/channel\/UCRWUS9d3Y3Pi-S9pVs9DKqA"]},{"@type":"Person","@id":"https:\/\/thomasvoland.com\/blog\/#\/schema\/person\/a2fe45ab834fc67a182b07e2b634b8fb","name":"Thomas Voland","image":{"@type":"ImageObject","inLanguage":"pl-PL","@id":"https:\/\/thomasvoland.com\/blog\/#\/schema\/person\/image\/","url":"https:\/\/secure.gravatar.com\/avatar\/663d664d6b3875c4a37077bc16b96169?s=96&d=mm&r=g","contentUrl":"https:\/\/secure.gravatar.com\/avatar\/663d664d6b3875c4a37077bc16b96169?s=96&d=mm&r=g","caption":"Thomas Voland"},"description":"Od kilku lat robi\u0119 zdj\u0119cia beauty i fashion, a efekty pokazuj\u0119 na tym blogu. Razem z opisami sesji publikuj\u0119 schematy o\u015bwietlenia, zdj\u0119cia zza kulis i wszystko to, co istotne podczas fotografowania. Mieszkam w Azji, ale czasami zdarza mi si\u0119 wpa\u015b\u0107 do Polski.","sameAs":["https:\/\/www.facebook.com\/voland.thomas","https:\/\/x.com\/https:\/\/twitter.com\/thomas_voland","http:\/\/youtube.com\/c\/ThomasVoland"]}]}},"jetpack_featured_media_url":"https:\/\/thomasvoland.com\/blog\/wp-content\/uploads\/2014\/08\/topblack.jpg","jetpack_shortlink":"https:\/\/wp.me\/p2VD7q-1aM","jetpack_sharing_enabled":true,"_links":{"self":[{"href":"https:\/\/thomasvoland.com\/blog\/wp-json\/wp\/v2\/posts\/4512","targetHints":{"allow":["GET"]}}],"collection":[{"href":"https:\/\/thomasvoland.com\/blog\/wp-json\/wp\/v2\/posts"}],"about":[{"href":"https:\/\/thomasvoland.com\/blog\/wp-json\/wp\/v2\/types\/post"}],"author":[{"embeddable":true,"href":"https:\/\/thomasvoland.com\/blog\/wp-json\/wp\/v2\/users\/1"}],"replies":[{"embeddable":true,"href":"https:\/\/thomasvoland.com\/blog\/wp-json\/wp\/v2\/comments?post=4512"}],"version-history":[{"count":17,"href":"https:\/\/thomasvoland.com\/blog\/wp-json\/wp\/v2\/posts\/4512\/revisions"}],"predecessor-version":[{"id":11434,"href":"https:\/\/thomasvoland.com\/blog\/wp-json\/wp\/v2\/posts\/4512\/revisions\/11434"}],"wp:featuredmedia":[{"embeddable":true,"href":"https:\/\/thomasvoland.com\/blog\/wp-json\/wp\/v2\/media\/4553"}],"wp:attachment":[{"href":"https:\/\/thomasvoland.com\/blog\/wp-json\/wp\/v2\/media?parent=4512"}],"wp:term":[{"taxonomy":"category","embeddable":true,"href":"https:\/\/thomasvoland.com\/blog\/wp-json\/wp\/v2\/categories?post=4512"},{"taxonomy":"post_tag","embeddable":true,"href":"https:\/\/thomasvoland.com\/blog\/wp-json\/wp\/v2\/tags?post=4512"}],"curies":[{"name":"wp","href":"https:\/\/api.w.org\/{rel}","templated":true}]}}