{"id":4144,"date":"2014-08-19T08:11:31","date_gmt":"2014-08-19T06:11:31","guid":{"rendered":"https:\/\/thomasvoland.com\/blog\/?p=4144"},"modified":"2016-09-06T15:28:04","modified_gmt":"2016-09-06T13:28:04","slug":"beauty-fashion-pierwsze-wrazenia-dot-lamp-jinbei-msn-ii","status":"publish","type":"post","link":"https:\/\/thomasvoland.com\/blog\/beauty-fashion-pierwsze-wrazenia-dot-lamp-jinbei-msn-ii\/","title":{"rendered":"Beauty i fashion oraz pierwsze wra\u017cenia dot. lamp Jinbei MSN II"},"content":{"rendered":"<p style=\"text-align: justify;\">Jak pewnie cz\u0119\u015b\u0107 z was ju\u017c wie, przylecia\u0142em do Polski miesi\u0105c wcze\u015bniej ni\u017c by\u0142o to w planach i postanowi\u0142em przeznaczy\u0107 ten czas m.in. na sesje zdj\u0119ciowe. Do ich zrobienia wybra\u0142em lampy studyjne, z kt\u00f3rych wcze\u015bniej nie mia\u0142em okazji korzysta\u0107 &#8211; Jinbei MSN II. S\u0105 z kategorii tych przyjaznych dla kieszeni, a przy tym maj\u0105 pewne cechy, kt\u00f3re s\u0105 bardzo rzadkie &#8211; wbudowane wyzwalanie radiowe i regulacj\u0119 mocy do 1\/128.<\/p>\n<p style=\"text-align: justify;\">Zazwyczaj wozi\u0142em &#8222;studio&#8221; do wiza\u017cystek, ale teraz to nie wchodzi\u0142o w gr\u0119. Przy robieniu zdj\u0119\u0107 w standardowym mieszkaniu nie ma miejsca na rozwini\u0119cie t\u0142a studyjnego, a ja mia\u0142em w planach te\u017c co\u015b z serii zdj\u0119\u0107 modowych &#8211; do tego potrzeba sporo pustej przestrzeni i wysokiego sufitu. Po nieudanych poszukiwaniach odpowiedniego miejsca, w ko\u0144cu uda\u0142o mi si\u0119 znale\u017a\u0107 w miar\u0119 przestronne pomieszczenie. Nie jest idealne, ale jak do tej pory to najlepsze co mi si\u0119 trafi\u0142o.<!--more--><\/p>\n<h2 style=\"text-align: justify;\">Sprz\u0119t<\/h2>\n<p style=\"text-align: justify;\">W Polsce nie mam ju\u017c w og\u00f3le swojego sprz\u0119tu studyjnego, wi\u0119c trzeba go by\u0142o zorganizowa\u0107. Jedynym wyj\u0105tkiem by\u0142 statyw-boom i blendy. Wszystko dostarczy\u0142 sklep Fripers.pl, ten sam kt\u00f3ry jest wam ju\u017c znany z wielu moich wcze\u015bniejszych wpis\u00f3w (to w\u0142a\u015bnie oni wys\u0142ali mi ca\u0142y ekwipunek do Azji). Nie b\u0119d\u0119 tutaj opisywa\u0142 szczeg\u00f3\u0142owo wszystkich detali technicznych danego sprz\u0119tu, bo nie o to chodzi. Jak kogo\u015b one b\u0119d\u0105 interesowa\u0142y to sobie kliknie w link i b\u0119dzie m\u00f3g\u0142 doczyta\u0107 szczeg\u00f3\u0142y.<\/p>\n<p style=\"text-align: justify;\">Lampy studyjne chcia\u0142em takie, z kt\u00f3rych jeszcze nigdy nie korzysta\u0142em. Ca\u0142y czas wychodz\u0119 z za\u0142o\u017cenia, \u017ce sprawdzanie r\u00f3\u017cnych modeli to dobry spos\u00f3b na urozmaicenie wpis\u00f3w na blogu. Wyb\u00f3r pad\u0142 na <a href=\"http:\/\/fripers.pl\/product_info.php\/info\/p2119_Lampa-studyjna-DPsIII-800-Zdalne-Sterowanie-Jinbei.html\">Jinbei MSN II<\/a> o mocy 800 Ws (do g\u0142\u00f3wnego modyfikatora) i <a href=\"http:\/\/fripers.pl\/product_info.php\/info\/p2116_Lampa-studyjna-DPsIII-400-Zdalne-Sterowanie-Jinbei.html\">400 Ws<\/a> do lamp dodatkowych.<\/p>\n<p style=\"text-align: justify;\">Lampy to dopiero pocz\u0105tek, potrzebowa\u0142em te\u017c kilku innych rzeczy\u2026 <a href=\"http:\/\/fripers.pl\/product_info.php\/info\/p1039_Czasza-Beauty-Dish-z-dyfuzorem-70-cm-Jinbei.html\">Beauty Dish 70 cm<\/a> z gridem jest konieczno\u015bci\u0105, bo sesja bez niego to u mnie ewenement. Okta Aurora Firefly XL 90 cm z gridem i <a href=\"http:\/\/fripers.pl\/product_info.php\/info\/p3174_Deflector-DFS20-do-Firefly-XL-Aurora.html\">odb\u0142y\u015bnikiem<\/a>, zmieniaj\u0105cym j\u0105 w beauty disha. To do zdj\u0119\u0107 ca\u0142ych sylwetek, gdzie \u015brednica 90 cm cz\u0119sto sprawdza si\u0119 lepiej od 70 (szczeg\u00f3lnie w ma\u0142ych pomieszczeniach). O Fireflay XL napisa\u0142em wszystko we wpisie o sesji z <a href=\"https:\/\/thomasvoland.com\/blog\/the-walking-dead-jinbei-discovery-aurora-firefly\/\">Zombie<\/a>. Czego\u015b wi\u0119kszego od 90 cm raczej unikam &#8211; wszelkie okty od 120 cm w g\u00f3r\u0119 zazwyczaj le\u017c\u0105 u mnie nieu\u017cywane, chocia\u017c gdybym zacz\u0105\u0142 fotografowa\u0107 na jasnym tle, to du\u017ce modyfikatory nabra\u0142yby wi\u0119kszego sensu.<\/p>\n<p style=\"text-align: justify;\">Jako \u015bwiat\u0142o kontrowe u\u017cywam prawie zawsze strip\u00f3w 90 cm z gridami. Wzi\u0105\u0142em te\u017c softbox <a href=\"http:\/\/fripers.pl\/product_info.php\/info\/p3477_Softbox-reporterski-40x40cm-z-gridem-i-maska-FreePower.html\">40&#215;40 cm<\/a> (te FreePowery s\u0105 z gridem w zestawie), kt\u00f3rego co prawda u\u017cy\u0142em tylko kilka razy w \u017cyciu, ale i tak uwa\u017cam go za obowi\u0105zkowe wyposa\u017cenie &#8211; jak ju\u017c jest potrzebny to nie ma kombinowania tylko si\u0119 go zak\u0142ada i gotowe. To wszystko trzeba na czym\u015b postawi\u0107, wi\u0119c w paczce ze sprz\u0119tem by\u0142y te\u017c statywy o\u015bwietleniowe oraz <a href=\"http:\/\/fripers.pl\/product_info.php\/info\/p629_ZESTAW-do-zawieszania-tel-szerokosc-max--3-5m.html\">zestaw do zawieszania t\u0142a<\/a> (r\u00f3wnie\u017c statywowy). Z takim wyposa\u017ceniem mog\u0119 zrobi\u0107 ka\u017cd\u0105 sesj\u0119, kt\u00f3r\u0105 mam w planach w najbli\u017cszym czasie. Wyj\u0105tkiem s\u0105 te plenerowe &#8211; do tego celu wybra\u0142em Jinbei HD600 Ws, ale o niej b\u0119dzie innym razem.<\/p>\n<h2 style=\"text-align: justify;\">Sesja<\/h2>\n<p style=\"text-align: justify;\">Plan by\u0142 prosty i kr\u00f3tki &#8222;robimy beauty i fashion&#8221;. I to w zasadzie tyle z planowania. Reszta oka\u017ce si\u0119 na miejscu &#8211; jak niemal zawsze. Pozowa\u0142a <a href=\"https:\/\/www.facebook.com\/klaudia.kandziora?fref=ts\">Klaudia Danch<\/a>, kt\u00f3ra przynios\u0142a na sesj\u0119 ciuchy z <a href=\"http:\/\/Egoistin.pl\">Egoistin.pl<\/a> &#8211; pod tym wzgl\u0119dem zrobili\u015bmy du\u017cy post\u0119p, zazwyczaj ubrania by\u0142y po prostu z szafy :). Makija\u017cem zaj\u0119\u0142a si\u0119 <a href=\"https:\/\/www.facebook.com\/karolinazmakeupartist\">Karolina Zientek<\/a>, kt\u00f3ra ogarnia\u0142a przy okazji backstage, razem z Mateuszem &#8222;Pro&#8221; Prociakiem, zajmuj\u0105cym si\u0119 te\u017c (jak zwykle) asyst\u0105. Nie jestem w stanie zliczy\u0107 sesji, kt\u00f3re powsta\u0142y z t\u0105 ekip\u0105. W ka\u017cdym razie ju\u017c moje ca\u0142kiem pierwsze zdj\u0119cia beauty powstawa\u0142y w\u0142a\u015bnie z nimi.<\/p>\n<p style=\"text-align: justify;\">Zacz\u0119li\u015bmy od kadr\u00f3w portretowych &#8211; setup by\u0142 tak oklepany, \u017ce nawet nie ma sensu go opisywa\u0107, mimo to spr\u00f3buj\u0119 go szybko stre\u015bci\u0107.<\/p>\n<p style=\"text-align: justify;\"><a href=\"https:\/\/thomasvoland.com\/blog\/wp-content\/uploads\/2014\/08\/Untitled-4.jpg\"><img fetchpriority=\"high\" decoding=\"async\" class=\"aligncenter size-full wp-image-4410\" src=\"https:\/\/thomasvoland.com\/blog\/wp-content\/uploads\/2014\/08\/Untitled-4.jpg\" alt=\"Untitled-4\" width=\"720\" height=\"1070\" srcset=\"https:\/\/thomasvoland.com\/blog\/wp-content\/uploads\/2014\/08\/Untitled-4.jpg 720w, https:\/\/thomasvoland.com\/blog\/wp-content\/uploads\/2014\/08\/Untitled-4-1920x2853.jpg 1920w, https:\/\/thomasvoland.com\/blog\/wp-content\/uploads\/2014\/08\/Untitled-4-870x1292.jpg 870w, https:\/\/thomasvoland.com\/blog\/wp-content\/uploads\/2014\/08\/Untitled-4-768x1141.jpg 768w, https:\/\/thomasvoland.com\/blog\/wp-content\/uploads\/2014\/08\/Untitled-4-680x1010.jpg 680w\" sizes=\"(max-width: 720px) 100vw, 720px\" \/><\/a><\/p>\n<p style=\"text-align: center;\">Nikon D700 | Nikkor\u00a0135mm 2D DC | F\/9 | 1\/200 | ISO 200<\/p>\n<p style=\"text-align: justify;\">W ruch poszed\u0142 srebrny beauty dish 70 cm z za\u0142o\u017conym plastrem miodu, kt\u00f3ry by\u0142 skierowany na Klaudi\u0119 z przodu, tzn. wisia\u0142 gdzie\u015b nad moj\u0105 g\u0142ow\u0105 i czeka\u0142 na okazj\u0119 \u017ceby mi przywali\u0107 przy wstawaniu. Podpi\u0119ta do niego by\u0142a wspomniana ju\u017c lampa, Jinbei MSN II 800 Ws. Kontry teoretycznie by\u0142y dwie, ale akurat na tym uj\u0119ciu tylko jedna ma sw\u00f3j udzia\u0142. Roz\u015bwietla nieco w\u0142osy i rami\u0119. Niby detal, ale bardzo istotny. O ile normalnie przy beauty daj\u0119 te\u017c jedn\u0105 lamp\u0119 od do\u0142u, to w tym przypadku nie mia\u0142o to sensu &#8211; jej jedynym celem jest dodanie blika w oku i roz\u015bwietlenie t\u0119cz\u00f3wek, kt\u00f3rych na tym uj\u0119ciu nie ma. Niekt\u00f3rzy u\u017cywaj\u0105 lampy od do\u0142u do rozja\u015bnienia cienia pod szyj\u0105, ale to nie by tutaj nie wnios\u0142o niczego dobrego, wr\u0119cz przeciwnie. T\u0142em by\u0142a czarna blenda roz\u015bwietlona <a href=\"http:\/\/fripers.pl\/product_info.php\/info\/p4397_Lampa-plenerowa-HD-600-Jinbei-z-wyzwalaczem-TRS-2-4GHz.html\">Jinbei-em HD600<\/a>. To ten plenerowy, ale nic nie sta\u0142o na przeszkodzie \u017ceby go u\u017cy\u0107 w studio. Plus taki, \u017ce gniazdka nie trzeba szuka\u0107, bo leci z akumulatora :).<\/p>\n<p style=\"text-align: justify;\"><a href=\"https:\/\/thomasvoland.com\/blog\/wp-content\/uploads\/2014\/08\/setup-kapelusz.jpg\"><img decoding=\"async\" class=\"aligncenter size-thumbnail wp-image-4160\" src=\"https:\/\/thomasvoland.com\/blog\/wp-content\/uploads\/2014\/08\/setup-kapelusz-680x374.jpg\" alt=\"schemat oswietlenia zdjecia\" width=\"680\" height=\"374\" srcset=\"https:\/\/thomasvoland.com\/blog\/wp-content\/uploads\/2014\/08\/setup-kapelusz-680x374.jpg 680w, https:\/\/thomasvoland.com\/blog\/wp-content\/uploads\/2014\/08\/setup-kapelusz-1920x1057.jpg 1920w, https:\/\/thomasvoland.com\/blog\/wp-content\/uploads\/2014\/08\/setup-kapelusz-870x479.jpg 870w, https:\/\/thomasvoland.com\/blog\/wp-content\/uploads\/2014\/08\/setup-kapelusz-768x423.jpg 768w, https:\/\/thomasvoland.com\/blog\/wp-content\/uploads\/2014\/08\/setup-kapelusz.jpg 1000w\" sizes=\"(max-width: 680px) 100vw, 680px\" \/><\/a><\/p>\n<p style=\"text-align: justify;\">Nast\u0119pne uj\u0119cie by\u0142o w zasadzie zdj\u0119ciem testowym &#8211; &#8222;za\u0142\u00f3\u017c to futro i zobaczymy jak wyjdzie&#8221;. Zobaczyli\u015bmy i zrezygnowali\u015bmy, a ja zosta\u0142em tylko z pojedynczym zdj\u0119ciem z tej &#8222;serii&#8221;. W domu skadrowa\u0142em je nieco inaczej ni\u017c w oryginale i zaprezentowa\u0142o si\u0119 zupe\u0142nie inaczej ni\u017c pocz\u0105tkowo. Jako \u017ce uj\u0119cie by\u0142o tylko jedno, to nie by\u0142o dylematu, kt\u00f3re wybra\u0107 :).<\/p>\n<p style=\"text-align: justify;\"><a href=\"https:\/\/thomasvoland.com\/blog\/wp-content\/uploads\/2014\/08\/Untitled-5.jpg\"><img decoding=\"async\" class=\"aligncenter size-thumbnail wp-image-4397\" src=\"https:\/\/thomasvoland.com\/blog\/wp-content\/uploads\/2014\/08\/Untitled-5-680x969.jpg\" alt=\"Untitled-5\" width=\"680\" height=\"969\" srcset=\"https:\/\/thomasvoland.com\/blog\/wp-content\/uploads\/2014\/08\/Untitled-5-680x969.jpg 680w, https:\/\/thomasvoland.com\/blog\/wp-content\/uploads\/2014\/08\/Untitled-5-1920x2736.jpg 1920w, https:\/\/thomasvoland.com\/blog\/wp-content\/uploads\/2014\/08\/Untitled-5-870x1239.jpg 870w, https:\/\/thomasvoland.com\/blog\/wp-content\/uploads\/2014\/08\/Untitled-5-768x1094.jpg 768w, https:\/\/thomasvoland.com\/blog\/wp-content\/uploads\/2014\/08\/Untitled-5.jpg 720w\" sizes=\"(max-width: 680px) 100vw, 680px\" \/><\/a><\/p>\n<p style=\"text-align: center;\">Nikon D700 | Nikkor\u00a0135mm 2D DC | F\/9 | 1\/200 | ISO 200<\/p>\n<p style=\"text-align: justify;\">Setup niemal ten sam, ale parasolka zosta\u0142a w\u0142\u0105czona (tradycyjnie ju\u017c z lamp\u0105 reportersk\u0105, zamiast studyjnej &#8211; bo szybko i wygodnie; Nie do\u015b\u0107 \u017ce brak kabli, to nawet statywu nie trzeba). Sw\u00f3j udzia\u0142 mia\u0142y tym razem dwie kontry zamiast jednej. Na obu za\u0142o\u017cony strip z gridem + MSN II, ale w wersji 400 Ws zamiast 800. W\u0142a\u015bciwie ze wzgl\u0119du na bardzo du\u017c\u0105 regulacj\u0119 w tych lampach, nawet 800 Ws by si\u0119 sprawdzi\u0142o, ale nigdy nie wykorzysta\u0142bym pe\u0142nej mocy. Reszta setupu bez zmian &#8211; \u015bwiat\u0142o g\u0142\u00f3wne wci\u0105\u017c \u015bwieci\u0142o od przodu.<\/p>\n<p style=\"text-align: justify;\">Kolejne uj\u0119cie by\u0142o ju\u017c na tle studyjnym (kolor smokey gray) z ca\u0142\u0105 postaci\u0105. G\u0142\u00f3wn\u0105 rol\u0119 przej\u0105\u0142 softbox Aurora Firefly XL, ale bez odb\u0142y\u015bnika i z tylko jedn\u0105 warstw\u0105 rozpraszaj\u0105c\u0105 \u015bwiat\u0142o (t\u0105 wi\u0119ksz\u0105, zewn\u0119trzn\u0105). Kontra by\u0142a jedna, ze stripem oczywi\u015bcie (i z gridem, a jakby inaczej?).\u00a0Zdj\u0119cie to zawdzi\u0119czamy taboretowi zwini\u0119temu z mieszkania wiza\u017cystki.<\/p>\n<p style=\"text-align: justify;\"><a href=\"https:\/\/thomasvoland.com\/blog\/wp-content\/uploads\/2014\/08\/Untitled-3.jpg\"><img loading=\"lazy\" decoding=\"async\" class=\"aligncenter size-thumbnail wp-image-4146\" src=\"https:\/\/thomasvoland.com\/blog\/wp-content\/uploads\/2014\/08\/Untitled-3-680x1054.jpg\" alt=\"Jinbei MSN II\" width=\"680\" height=\"1054\" srcset=\"https:\/\/thomasvoland.com\/blog\/wp-content\/uploads\/2014\/08\/Untitled-3-680x1054.jpg 680w, https:\/\/thomasvoland.com\/blog\/wp-content\/uploads\/2014\/08\/Untitled-3-1920x2978.jpg 1920w, https:\/\/thomasvoland.com\/blog\/wp-content\/uploads\/2014\/08\/Untitled-3-870x1349.jpg 870w, https:\/\/thomasvoland.com\/blog\/wp-content\/uploads\/2014\/08\/Untitled-3-768x1191.jpg 768w, https:\/\/thomasvoland.com\/blog\/wp-content\/uploads\/2014\/08\/Untitled-3.jpg 720w\" sizes=\"(max-width: 680px) 100vw, 680px\" \/><\/a><\/p>\n<p style=\"text-align: center;\">Nikon D700 | Nikkor 35mm 2D | F\/6,3 | 1\/200 s | ISO 200<\/p>\n<p style=\"text-align: justify;\">Rok temu kupi\u0142em obiektyw 35 mm, a podczas robienia tego zdj\u0119cia pierwszy raz go u\u017cy\u0142em. Na 50 mm nie wygl\u0105da\u0142o za ciekawie &#8211; nogi by\u0142y mniej przerysowane i\u00a0uj\u0119cie du\u017co na tym traci\u0142o.<\/p>\n<p style=\"text-align: justify;\">Na koniec by\u0142y dwa zdj\u0119cia stoj\u0105ce, ale z softbox zosta\u0142 przerobiony na beauty disha (za pomoc\u0105 akcesoryjnego odb\u0142y\u015bnika). Po za\u0142o\u017ceniu plastra miodu (bez materia\u0142\u00f3w rozpraszaj\u0105cych \u015bwiat\u0142o), tworzy on specyficzny cie\u0144 widoczny dobrze na tle:<\/p>\n<p style=\"text-align: justify;\"><a href=\"https:\/\/thomasvoland.com\/blog\/wp-content\/uploads\/2014\/08\/DSC004923.jpg\"><img loading=\"lazy\" decoding=\"async\" class=\"aligncenter size-thumbnail wp-image-4156\" src=\"https:\/\/thomasvoland.com\/blog\/wp-content\/uploads\/2014\/08\/DSC004923-680x440.jpg\" alt=\"Aurora Firefly XL 90 cm\" width=\"680\" height=\"440\" srcset=\"https:\/\/thomasvoland.com\/blog\/wp-content\/uploads\/2014\/08\/DSC004923-680x440.jpg 680w, https:\/\/thomasvoland.com\/blog\/wp-content\/uploads\/2014\/08\/DSC004923-1920x1243.jpg 1920w, https:\/\/thomasvoland.com\/blog\/wp-content\/uploads\/2014\/08\/DSC004923-870x563.jpg 870w, https:\/\/thomasvoland.com\/blog\/wp-content\/uploads\/2014\/08\/DSC004923-768x497.jpg 768w, https:\/\/thomasvoland.com\/blog\/wp-content\/uploads\/2014\/08\/DSC004923.jpg 900w\" sizes=\"(max-width: 680px) 100vw, 680px\" \/><\/a><\/p>\n<p style=\"text-align: justify;\"><a href=\"https:\/\/thomasvoland.com\/blog\/wp-content\/uploads\/2014\/08\/DSC00489.jpg\"><img loading=\"lazy\" decoding=\"async\" class=\"aligncenter size-thumbnail wp-image-4158\" src=\"https:\/\/thomasvoland.com\/blog\/wp-content\/uploads\/2014\/08\/DSC00489-680x451.jpg\" alt=\"DSC00489\" width=\"680\" height=\"451\" srcset=\"https:\/\/thomasvoland.com\/blog\/wp-content\/uploads\/2014\/08\/DSC00489-680x451.jpg 680w, https:\/\/thomasvoland.com\/blog\/wp-content\/uploads\/2014\/08\/DSC00489-1920x1275.jpg 1920w, https:\/\/thomasvoland.com\/blog\/wp-content\/uploads\/2014\/08\/DSC00489-870x578.jpg 870w, https:\/\/thomasvoland.com\/blog\/wp-content\/uploads\/2014\/08\/DSC00489-768x510.jpg 768w, https:\/\/thomasvoland.com\/blog\/wp-content\/uploads\/2014\/08\/DSC00489.jpg 900w\" sizes=\"(max-width: 680px) 100vw, 680px\" \/><\/a><\/p>\n<p style=\"text-align: justify;\">\u015awiat\u0142o jest nier\u00f3wnomierne i na tle pojawiaj\u0105 si\u0119 ja\u015bniejsze i ciemniejsze plamy. Zajmuj\u0105 wi\u0119kszy lub mniejszy obszar t\u0142a, w zale\u017cno\u015bci od ustawienia okty. O ile przy wcze\u015bniejszych sesjach mi to nie pasowa\u0142o, to tym razem wydawa\u0142o mi si\u0119, \u017ce wyjdzie to zdj\u0119ciom tylko na plus.<\/p>\n<p style=\"text-align: justify;\"><a href=\"https:\/\/thomasvoland.com\/blog\/wp-content\/uploads\/2014\/08\/Untitled-2.jpg\"><img loading=\"lazy\" decoding=\"async\" class=\"aligncenter size-thumbnail wp-image-4147\" src=\"https:\/\/thomasvoland.com\/blog\/wp-content\/uploads\/2014\/08\/Untitled-2-680x1025.jpg\" alt=\"Jinbei MSN II\" width=\"680\" height=\"1025\" srcset=\"https:\/\/thomasvoland.com\/blog\/wp-content\/uploads\/2014\/08\/Untitled-2-680x1025.jpg 680w, https:\/\/thomasvoland.com\/blog\/wp-content\/uploads\/2014\/08\/Untitled-2-1920x2896.jpg 1920w, https:\/\/thomasvoland.com\/blog\/wp-content\/uploads\/2014\/08\/Untitled-2-870x1312.jpg 870w, https:\/\/thomasvoland.com\/blog\/wp-content\/uploads\/2014\/08\/Untitled-2-768x1158.jpg 768w, https:\/\/thomasvoland.com\/blog\/wp-content\/uploads\/2014\/08\/Untitled-2.jpg 720w\" sizes=\"(max-width: 680px) 100vw, 680px\" \/><\/a><\/p>\n<p style=\"text-align: center;\">Nikon D700 | Sigma 50mm 1,4 EX DG HSM | F\/6,3 | 1\/200 s | ISO 200<\/p>\n<p style=\"text-align: justify;\">Ustawili\u015bmy okt\u0119 mocno z boku, tak \u017ceby posta\u0107 mia\u0142a widoczne mocne cienie. Przy takim ustawieniu lampy g\u0142\u00f3wnej, kontra jest prawie zawsze potrzebna. Bez niej druga strona modelki gubi\u0142a by si\u0119 w cieniu. Zrobili\u015bmy jeszcze jedno uj\u0119cie:<\/p>\n<p style=\"text-align: justify;\"><a href=\"https:\/\/thomasvoland.com\/blog\/wp-content\/uploads\/2014\/08\/Untitled-1.jpg\"><img loading=\"lazy\" decoding=\"async\" class=\"aligncenter size-thumbnail wp-image-4148\" src=\"https:\/\/thomasvoland.com\/blog\/wp-content\/uploads\/2014\/08\/Untitled-1-680x940.jpg\" alt=\"Jinbei MSN II\" width=\"680\" height=\"940\" srcset=\"https:\/\/thomasvoland.com\/blog\/wp-content\/uploads\/2014\/08\/Untitled-1-680x940.jpg 680w, https:\/\/thomasvoland.com\/blog\/wp-content\/uploads\/2014\/08\/Untitled-1-1920x2656.jpg 1920w, https:\/\/thomasvoland.com\/blog\/wp-content\/uploads\/2014\/08\/Untitled-1-870x1203.jpg 870w, https:\/\/thomasvoland.com\/blog\/wp-content\/uploads\/2014\/08\/Untitled-1-768x1062.jpg 768w, https:\/\/thomasvoland.com\/blog\/wp-content\/uploads\/2014\/08\/Untitled-1.jpg 720w\" sizes=\"(max-width: 680px) 100vw, 680px\" \/><\/a><\/p>\n<p style=\"text-align: center;\">Nikon D700 | Sigma 50mm 1,4 EX DG HSM | F\/6,3 | 1\/200 s | ISO 200<\/p>\n<p style=\"text-align: justify;\">Jak si\u0119 przyjrzycie, to wida\u0107, \u017ce make up jest nieco inny. Jak to zwykle po posi\u0142ku bywa, usta maluje si\u0119 jeszcze raz. Winny jest dostawca pizzy i kebab\u00f3w, kt\u00f3ry zamiast dotrze\u0107 po zrobieniu beauty, dotar\u0142 dopiero w trakcie fashion,\u00a0kiedy wszyscy z g\u0142odu ju\u017c ledwo si\u0119 trzymali na nogach.<\/p>\n<p style=\"text-align: justify;\"><a href=\"https:\/\/thomasvoland.com\/blog\/wp-content\/uploads\/2014\/08\/DSC005311.jpg\"><img loading=\"lazy\" decoding=\"async\" class=\"aligncenter size-thumbnail wp-image-4157\" src=\"https:\/\/thomasvoland.com\/blog\/wp-content\/uploads\/2014\/08\/DSC005311-680x451.jpg\" alt=\"DSC00531\" width=\"680\" height=\"451\" srcset=\"https:\/\/thomasvoland.com\/blog\/wp-content\/uploads\/2014\/08\/DSC005311-680x451.jpg 680w, https:\/\/thomasvoland.com\/blog\/wp-content\/uploads\/2014\/08\/DSC005311-1920x1275.jpg 1920w, https:\/\/thomasvoland.com\/blog\/wp-content\/uploads\/2014\/08\/DSC005311-870x578.jpg 870w, https:\/\/thomasvoland.com\/blog\/wp-content\/uploads\/2014\/08\/DSC005311-768x510.jpg 768w, https:\/\/thomasvoland.com\/blog\/wp-content\/uploads\/2014\/08\/DSC005311.jpg 900w\" sizes=\"(max-width: 680px) 100vw, 680px\" \/><\/a><\/p>\n<h2 style=\"text-align: justify;\">Jinbei MSN II<\/h2>\n<p style=\"text-align: justify;\">Dzisiaj nie b\u0119d\u0119 si\u0119 rozpisywa\u0142 na temat nowych lamp, bo na to za wcze\u015bnie. Chcia\u0142em si\u0119 tylko podzieli\u0107 pierwszymi wra\u017ceniami. Stosunek jako\u015bci do ceny jest tutaj podobny jak przy Jinbei DPsIII, czyli \u015bwietny. Wersja 800 Ws kosztuje ok. 1200 z\u0142. Rynek si\u0119 bardzo mocno zmieni\u0142 przez ostatnie 2 lata &#8211; wtedy istnienie takiej lampy w podobnej cenie by\u0142oby kompletnie nierealne. Kupuj\u0105c j\u0105 odpada te\u017c inwestowanie w odbiorniki radiowe &#8211; te s\u0105 wbudowane (swoje w\u0142asne te\u017c mo\u017cna podpi\u0105\u0107). Co wi\u0119cej, pozwalaj\u0105 na radiow\u0105 zmian\u0119 mocy i innych ustawie\u0144. Niestety nadajnik nie ma wy\u015bwietlacza, nie da si\u0119 te\u017c ustawia\u0107 parametr\u00f3w dla ka\u017cdej lampy z osobna (na upartego mo\u017cna &#8211; przypisuj\u0105c ka\u017cd\u0105 lamp\u0119 pod inny kana\u0142, ale jest to niepraktyczne i nie do tego s\u0142u\u017cy). Wczoraj robi\u0142em kolejn\u0105 sesj\u0119 tym sprz\u0119tem, a jutro by\u0107 mo\u017ce b\u0119dzie nast\u0119pna. Jak ju\u017c b\u0119d\u0119 mia\u0142 wi\u0119cej do\u015bwiadcze\u0144 z tymi lampami, to na pewno opisz\u0119 je dok\u0142adniej i por\u00f3wnam do Jinbei DPsIII, bo na pierwszy rzut oka s\u0105 konkurencyjne. Ju\u017c teraz jestem pewny, \u017ce nie b\u0119dzie kategorycznego zwyci\u0119zcy i wyb\u00f3r b\u0119dzie zale\u017ca\u0142 od typu zdj\u0119\u0107, do kt\u00f3rych b\u0119d\u0105 u\u017cywane.<\/p>\n<h2 style=\"text-align: justify;\">Backstage<\/h2>\n<p><img decoding=\"async\" class=\"ngg_displayed_gallery mceItem\" src=\"https:\/\/thomasvoland.com\/blog\/nextgen-attach_to_post\/preview\/id--4391\" alt=\"\" \/><\/p>\n<h2 style=\"text-align: justify;\">Podsumowanie<\/h2>\n<p style=\"text-align: justify;\">Kolejnych sesji jeszcze nie mam zaplanowanych, b\u0119d\u0105 robione jak zwykle z dnia na dzie\u0144. W przerwach mi\u0119dzysesyjnych postaram si\u0119 obrobi\u0107 szybko zdj\u0119cia i wrzuci\u0107 razem z wpisem na bloga, ale nie wiem na ile to b\u0119dzie wykonalne w tak kr\u00f3tkim czasie. Nawet je\u015bli z czym\u015b si\u0119 nie wyrobi\u0119, to na pewno jak tylko wyl\u0105duj\u0119 w Bangkoku to wezm\u0119 si\u0119 za opisywanie wszystkiego. Czas na sesje i retusz mam tylko do ko\u0144ca sierpnia, we wrze\u015bniu ruszam szkoli\u0107 was z retuszu, wi\u0119c czasu na wpisy ju\u017c nie b\u0119dzie.<\/p>\n","protected":false},"excerpt":{"rendered":"<p>Jak pewnie cz\u0119\u015b\u0107 z was ju\u017c wie, przylecia\u0142em do Polski miesi\u0105c wcze\u015bniej ni\u017c by\u0142o to w planach i postanowi\u0142em przeznaczy\u0107 ten czas m.in. na sesje zdj\u0119ciowe. Do ich zrobienia wybra\u0142em lampy studyjne, z kt\u00f3rych wcze\u015bniej nie mia\u0142em okazji korzysta\u0107 &#8211; Jinbei MSN II. S\u0105 z kategorii tych przyjaznych dla kieszeni, a przy tym maj\u0105 pewne [&hellip;]<\/p>\n","protected":false},"author":1,"featured_media":4409,"comment_status":"closed","ping_status":"open","sticky":false,"template":"","format":"standard","meta":{"om_disable_all_campaigns":false,"_jetpack_newsletter_access":"","_jetpack_dont_email_post_to_subs":false,"_jetpack_newsletter_tier_id":0,"_jetpack_memberships_contains_paywalled_content":false,"_jetpack_memberships_contains_paid_content":false,"footnotes":""},"categories":[26,28],"tags":[113,110,141],"class_list":["post-4144","post","type-post","status-publish","format-standard","has-post-thumbnail","hentry","category-sesje-zdjeciowe","category-sprzet","tag-firefly","tag-jinbei","tag-msn"],"yoast_head":"<!-- This site is optimized with the Yoast SEO plugin v23.9 - https:\/\/yoast.com\/wordpress\/plugins\/seo\/ -->\n<title>Pierwsze wra\u017cenia dot. lamp Jinbei MSN II<\/title>\n<meta name=\"robots\" content=\"index, follow, max-snippet:-1, max-image-preview:large, max-video-preview:-1\" \/>\n<link rel=\"canonical\" href=\"https:\/\/thomasvoland.com\/blog\/beauty-fashion-pierwsze-wrazenia-dot-lamp-jinbei-msn-ii\/\" \/>\n<meta property=\"og:locale\" content=\"pl_PL\" \/>\n<meta property=\"og:type\" content=\"article\" \/>\n<meta property=\"og:title\" content=\"Pierwsze wra\u017cenia dot. lamp Jinbei MSN II\" \/>\n<meta property=\"og:description\" content=\"Jak pewnie cz\u0119\u015b\u0107 z was ju\u017c wie, przylecia\u0142em do Polski miesi\u0105c wcze\u015bniej ni\u017c by\u0142o to w planach i postanowi\u0142em przeznaczy\u0107 ten czas m.in. na sesje zdj\u0119ciowe. Do ich zrobienia wybra\u0142em lampy studyjne, z kt\u00f3rych wcze\u015bniej nie mia\u0142em okazji korzysta\u0107 &#8211; Jinbei MSN II. S\u0105 z kategorii tych przyjaznych dla kieszeni, a przy tym maj\u0105 pewne [&hellip;]\" \/>\n<meta property=\"og:url\" content=\"https:\/\/thomasvoland.com\/blog\/beauty-fashion-pierwsze-wrazenia-dot-lamp-jinbei-msn-ii\/\" \/>\n<meta property=\"og:site_name\" content=\"Thomas Voland\" \/>\n<meta property=\"article:publisher\" content=\"https:\/\/www.facebook.com\/t.pluszczyk\" \/>\n<meta property=\"article:author\" content=\"https:\/\/www.facebook.com\/voland.thomas\" \/>\n<meta property=\"article:published_time\" content=\"2014-08-19T06:11:31+00:00\" \/>\n<meta property=\"article:modified_time\" content=\"2016-09-06T13:28:04+00:00\" \/>\n<meta property=\"og:image\" content=\"https:\/\/tomaszpluszczyk.pl\/wp-content\/uploads\/2014\/08\/zoom.jpg\" \/>\n\t<meta property=\"og:image:width\" content=\"1280\" \/>\n\t<meta property=\"og:image:height\" content=\"551\" \/>\n\t<meta property=\"og:image:type\" content=\"image\/jpeg\" \/>\n<meta name=\"author\" content=\"Thomas Voland\" \/>\n<meta name=\"twitter:card\" content=\"summary_large_image\" \/>\n<meta name=\"twitter:creator\" content=\"@https:\/\/twitter.com\/thomas_voland\" \/>\n<meta name=\"twitter:site\" content=\"@TomaszPluszczyk\" \/>\n<meta name=\"twitter:label1\" content=\"Napisane przez\" \/>\n\t<meta name=\"twitter:data1\" content=\"Thomas Voland\" \/>\n\t<meta name=\"twitter:label2\" content=\"Szacowany czas czytania\" \/>\n\t<meta name=\"twitter:data2\" content=\"9 minut\" \/>\n<script type=\"application\/ld+json\" class=\"yoast-schema-graph\">{\"@context\":\"https:\/\/schema.org\",\"@graph\":[{\"@type\":\"Article\",\"@id\":\"https:\/\/thomasvoland.com\/blog\/beauty-fashion-pierwsze-wrazenia-dot-lamp-jinbei-msn-ii\/#article\",\"isPartOf\":{\"@id\":\"https:\/\/thomasvoland.com\/blog\/beauty-fashion-pierwsze-wrazenia-dot-lamp-jinbei-msn-ii\/\"},\"author\":{\"name\":\"Thomas Voland\",\"@id\":\"https:\/\/thomasvoland.com\/blog\/#\/schema\/person\/a2fe45ab834fc67a182b07e2b634b8fb\"},\"headline\":\"Beauty i fashion oraz pierwsze wra\u017cenia dot. lamp Jinbei MSN II\",\"datePublished\":\"2014-08-19T06:11:31+00:00\",\"dateModified\":\"2016-09-06T13:28:04+00:00\",\"mainEntityOfPage\":{\"@id\":\"https:\/\/thomasvoland.com\/blog\/beauty-fashion-pierwsze-wrazenia-dot-lamp-jinbei-msn-ii\/\"},\"wordCount\":1744,\"publisher\":{\"@id\":\"https:\/\/thomasvoland.com\/blog\/#organization\"},\"image\":{\"@id\":\"https:\/\/thomasvoland.com\/blog\/beauty-fashion-pierwsze-wrazenia-dot-lamp-jinbei-msn-ii\/#primaryimage\"},\"thumbnailUrl\":\"https:\/\/thomasvoland.com\/blog\/wp-content\/uploads\/2014\/08\/zoom.jpg\",\"keywords\":[\"firefly\",\"jinbei\",\"msn\"],\"articleSection\":[\"Sesje zdj\u0119ciowe\",\"Sprz\u0119t\"],\"inLanguage\":\"pl-PL\"},{\"@type\":\"WebPage\",\"@id\":\"https:\/\/thomasvoland.com\/blog\/beauty-fashion-pierwsze-wrazenia-dot-lamp-jinbei-msn-ii\/\",\"url\":\"https:\/\/thomasvoland.com\/blog\/beauty-fashion-pierwsze-wrazenia-dot-lamp-jinbei-msn-ii\/\",\"name\":\"Pierwsze wra\u017cenia dot. lamp Jinbei MSN II\",\"isPartOf\":{\"@id\":\"https:\/\/thomasvoland.com\/blog\/#website\"},\"primaryImageOfPage\":{\"@id\":\"https:\/\/thomasvoland.com\/blog\/beauty-fashion-pierwsze-wrazenia-dot-lamp-jinbei-msn-ii\/#primaryimage\"},\"image\":{\"@id\":\"https:\/\/thomasvoland.com\/blog\/beauty-fashion-pierwsze-wrazenia-dot-lamp-jinbei-msn-ii\/#primaryimage\"},\"thumbnailUrl\":\"https:\/\/thomasvoland.com\/blog\/wp-content\/uploads\/2014\/08\/zoom.jpg\",\"datePublished\":\"2014-08-19T06:11:31+00:00\",\"dateModified\":\"2016-09-06T13:28:04+00:00\",\"breadcrumb\":{\"@id\":\"https:\/\/thomasvoland.com\/blog\/beauty-fashion-pierwsze-wrazenia-dot-lamp-jinbei-msn-ii\/#breadcrumb\"},\"inLanguage\":\"pl-PL\",\"potentialAction\":[{\"@type\":\"ReadAction\",\"target\":[\"https:\/\/thomasvoland.com\/blog\/beauty-fashion-pierwsze-wrazenia-dot-lamp-jinbei-msn-ii\/\"]}]},{\"@type\":\"ImageObject\",\"inLanguage\":\"pl-PL\",\"@id\":\"https:\/\/thomasvoland.com\/blog\/beauty-fashion-pierwsze-wrazenia-dot-lamp-jinbei-msn-ii\/#primaryimage\",\"url\":\"https:\/\/thomasvoland.com\/blog\/wp-content\/uploads\/2014\/08\/zoom.jpg\",\"contentUrl\":\"https:\/\/thomasvoland.com\/blog\/wp-content\/uploads\/2014\/08\/zoom.jpg\",\"width\":1280,\"height\":551},{\"@type\":\"BreadcrumbList\",\"@id\":\"https:\/\/thomasvoland.com\/blog\/beauty-fashion-pierwsze-wrazenia-dot-lamp-jinbei-msn-ii\/#breadcrumb\",\"itemListElement\":[{\"@type\":\"ListItem\",\"position\":1,\"name\":\"Strona g\u0142\u00f3wna\",\"item\":\"https:\/\/thomasvoland.com\/blog\/\"},{\"@type\":\"ListItem\",\"position\":2,\"name\":\"Beauty i fashion oraz pierwsze wra\u017cenia dot. lamp Jinbei MSN II\"}]},{\"@type\":\"WebSite\",\"@id\":\"https:\/\/thomasvoland.com\/blog\/#website\",\"url\":\"https:\/\/thomasvoland.com\/blog\/\",\"name\":\"Thomas Voland\",\"description\":\"\",\"publisher\":{\"@id\":\"https:\/\/thomasvoland.com\/blog\/#organization\"},\"potentialAction\":[{\"@type\":\"SearchAction\",\"target\":{\"@type\":\"EntryPoint\",\"urlTemplate\":\"https:\/\/thomasvoland.com\/blog\/?s={search_term_string}\"},\"query-input\":{\"@type\":\"PropertyValueSpecification\",\"valueRequired\":true,\"valueName\":\"search_term_string\"}}],\"inLanguage\":\"pl-PL\"},{\"@type\":\"Organization\",\"@id\":\"https:\/\/thomasvoland.com\/blog\/#organization\",\"name\":\"Thomas Voland\",\"url\":\"https:\/\/thomasvoland.com\/blog\/\",\"logo\":{\"@type\":\"ImageObject\",\"inLanguage\":\"pl-PL\",\"@id\":\"https:\/\/thomasvoland.com\/blog\/#\/schema\/logo\/image\/\",\"url\":\"https:\/\/thomasvoland.com\/blog\/wp-content\/uploads\/2023\/04\/voland-logo-2.png\",\"contentUrl\":\"https:\/\/thomasvoland.com\/blog\/wp-content\/uploads\/2023\/04\/voland-logo-2.png\",\"width\":210,\"height\":45,\"caption\":\"Thomas Voland\"},\"image\":{\"@id\":\"https:\/\/thomasvoland.com\/blog\/#\/schema\/logo\/image\/\"},\"sameAs\":[\"https:\/\/www.facebook.com\/t.pluszczyk\",\"https:\/\/x.com\/TomaszPluszczyk\",\"https:\/\/www.instagram.com\/thomas_voland\/\",\"https:\/\/www.youtube.com\/channel\/UCRWUS9d3Y3Pi-S9pVs9DKqA\"]},{\"@type\":\"Person\",\"@id\":\"https:\/\/thomasvoland.com\/blog\/#\/schema\/person\/a2fe45ab834fc67a182b07e2b634b8fb\",\"name\":\"Thomas Voland\",\"image\":{\"@type\":\"ImageObject\",\"inLanguage\":\"pl-PL\",\"@id\":\"https:\/\/thomasvoland.com\/blog\/#\/schema\/person\/image\/\",\"url\":\"https:\/\/secure.gravatar.com\/avatar\/663d664d6b3875c4a37077bc16b96169?s=96&d=mm&r=g\",\"contentUrl\":\"https:\/\/secure.gravatar.com\/avatar\/663d664d6b3875c4a37077bc16b96169?s=96&d=mm&r=g\",\"caption\":\"Thomas Voland\"},\"description\":\"Od kilku lat robi\u0119 zdj\u0119cia beauty i fashion, a efekty pokazuj\u0119 na tym blogu. Razem z opisami sesji publikuj\u0119 schematy o\u015bwietlenia, zdj\u0119cia zza kulis i wszystko to, co istotne podczas fotografowania. Mieszkam w Azji, ale czasami zdarza mi si\u0119 wpa\u015b\u0107 do Polski.\",\"sameAs\":[\"https:\/\/www.facebook.com\/voland.thomas\",\"https:\/\/x.com\/https:\/\/twitter.com\/thomas_voland\",\"http:\/\/youtube.com\/c\/ThomasVoland\"]}]}<\/script>\n<!-- \/ Yoast SEO plugin. -->","yoast_head_json":{"title":"Pierwsze wra\u017cenia dot. lamp Jinbei MSN II","robots":{"index":"index","follow":"follow","max-snippet":"max-snippet:-1","max-image-preview":"max-image-preview:large","max-video-preview":"max-video-preview:-1"},"canonical":"https:\/\/thomasvoland.com\/blog\/beauty-fashion-pierwsze-wrazenia-dot-lamp-jinbei-msn-ii\/","og_locale":"pl_PL","og_type":"article","og_title":"Pierwsze wra\u017cenia dot. lamp Jinbei MSN II","og_description":"Jak pewnie cz\u0119\u015b\u0107 z was ju\u017c wie, przylecia\u0142em do Polski miesi\u0105c wcze\u015bniej ni\u017c by\u0142o to w planach i postanowi\u0142em przeznaczy\u0107 ten czas m.in. na sesje zdj\u0119ciowe. Do ich zrobienia wybra\u0142em lampy studyjne, z kt\u00f3rych wcze\u015bniej nie mia\u0142em okazji korzysta\u0107 &#8211; Jinbei MSN II. S\u0105 z kategorii tych przyjaznych dla kieszeni, a przy tym maj\u0105 pewne [&hellip;]","og_url":"https:\/\/thomasvoland.com\/blog\/beauty-fashion-pierwsze-wrazenia-dot-lamp-jinbei-msn-ii\/","og_site_name":"Thomas Voland","article_publisher":"https:\/\/www.facebook.com\/t.pluszczyk","article_author":"https:\/\/www.facebook.com\/voland.thomas","article_published_time":"2014-08-19T06:11:31+00:00","article_modified_time":"2016-09-06T13:28:04+00:00","og_image":[{"width":1280,"height":551,"url":"https:\/\/tomaszpluszczyk.pl\/wp-content\/uploads\/2014\/08\/zoom.jpg","type":"image\/jpeg"}],"author":"Thomas Voland","twitter_card":"summary_large_image","twitter_creator":"@https:\/\/twitter.com\/thomas_voland","twitter_site":"@TomaszPluszczyk","twitter_misc":{"Napisane przez":"Thomas Voland","Szacowany czas czytania":"9 minut"},"schema":{"@context":"https:\/\/schema.org","@graph":[{"@type":"Article","@id":"https:\/\/thomasvoland.com\/blog\/beauty-fashion-pierwsze-wrazenia-dot-lamp-jinbei-msn-ii\/#article","isPartOf":{"@id":"https:\/\/thomasvoland.com\/blog\/beauty-fashion-pierwsze-wrazenia-dot-lamp-jinbei-msn-ii\/"},"author":{"name":"Thomas Voland","@id":"https:\/\/thomasvoland.com\/blog\/#\/schema\/person\/a2fe45ab834fc67a182b07e2b634b8fb"},"headline":"Beauty i fashion oraz pierwsze wra\u017cenia dot. lamp Jinbei MSN II","datePublished":"2014-08-19T06:11:31+00:00","dateModified":"2016-09-06T13:28:04+00:00","mainEntityOfPage":{"@id":"https:\/\/thomasvoland.com\/blog\/beauty-fashion-pierwsze-wrazenia-dot-lamp-jinbei-msn-ii\/"},"wordCount":1744,"publisher":{"@id":"https:\/\/thomasvoland.com\/blog\/#organization"},"image":{"@id":"https:\/\/thomasvoland.com\/blog\/beauty-fashion-pierwsze-wrazenia-dot-lamp-jinbei-msn-ii\/#primaryimage"},"thumbnailUrl":"https:\/\/thomasvoland.com\/blog\/wp-content\/uploads\/2014\/08\/zoom.jpg","keywords":["firefly","jinbei","msn"],"articleSection":["Sesje zdj\u0119ciowe","Sprz\u0119t"],"inLanguage":"pl-PL"},{"@type":"WebPage","@id":"https:\/\/thomasvoland.com\/blog\/beauty-fashion-pierwsze-wrazenia-dot-lamp-jinbei-msn-ii\/","url":"https:\/\/thomasvoland.com\/blog\/beauty-fashion-pierwsze-wrazenia-dot-lamp-jinbei-msn-ii\/","name":"Pierwsze wra\u017cenia dot. lamp Jinbei MSN II","isPartOf":{"@id":"https:\/\/thomasvoland.com\/blog\/#website"},"primaryImageOfPage":{"@id":"https:\/\/thomasvoland.com\/blog\/beauty-fashion-pierwsze-wrazenia-dot-lamp-jinbei-msn-ii\/#primaryimage"},"image":{"@id":"https:\/\/thomasvoland.com\/blog\/beauty-fashion-pierwsze-wrazenia-dot-lamp-jinbei-msn-ii\/#primaryimage"},"thumbnailUrl":"https:\/\/thomasvoland.com\/blog\/wp-content\/uploads\/2014\/08\/zoom.jpg","datePublished":"2014-08-19T06:11:31+00:00","dateModified":"2016-09-06T13:28:04+00:00","breadcrumb":{"@id":"https:\/\/thomasvoland.com\/blog\/beauty-fashion-pierwsze-wrazenia-dot-lamp-jinbei-msn-ii\/#breadcrumb"},"inLanguage":"pl-PL","potentialAction":[{"@type":"ReadAction","target":["https:\/\/thomasvoland.com\/blog\/beauty-fashion-pierwsze-wrazenia-dot-lamp-jinbei-msn-ii\/"]}]},{"@type":"ImageObject","inLanguage":"pl-PL","@id":"https:\/\/thomasvoland.com\/blog\/beauty-fashion-pierwsze-wrazenia-dot-lamp-jinbei-msn-ii\/#primaryimage","url":"https:\/\/thomasvoland.com\/blog\/wp-content\/uploads\/2014\/08\/zoom.jpg","contentUrl":"https:\/\/thomasvoland.com\/blog\/wp-content\/uploads\/2014\/08\/zoom.jpg","width":1280,"height":551},{"@type":"BreadcrumbList","@id":"https:\/\/thomasvoland.com\/blog\/beauty-fashion-pierwsze-wrazenia-dot-lamp-jinbei-msn-ii\/#breadcrumb","itemListElement":[{"@type":"ListItem","position":1,"name":"Strona g\u0142\u00f3wna","item":"https:\/\/thomasvoland.com\/blog\/"},{"@type":"ListItem","position":2,"name":"Beauty i fashion oraz pierwsze wra\u017cenia dot. lamp Jinbei MSN II"}]},{"@type":"WebSite","@id":"https:\/\/thomasvoland.com\/blog\/#website","url":"https:\/\/thomasvoland.com\/blog\/","name":"Thomas Voland","description":"","publisher":{"@id":"https:\/\/thomasvoland.com\/blog\/#organization"},"potentialAction":[{"@type":"SearchAction","target":{"@type":"EntryPoint","urlTemplate":"https:\/\/thomasvoland.com\/blog\/?s={search_term_string}"},"query-input":{"@type":"PropertyValueSpecification","valueRequired":true,"valueName":"search_term_string"}}],"inLanguage":"pl-PL"},{"@type":"Organization","@id":"https:\/\/thomasvoland.com\/blog\/#organization","name":"Thomas Voland","url":"https:\/\/thomasvoland.com\/blog\/","logo":{"@type":"ImageObject","inLanguage":"pl-PL","@id":"https:\/\/thomasvoland.com\/blog\/#\/schema\/logo\/image\/","url":"https:\/\/thomasvoland.com\/blog\/wp-content\/uploads\/2023\/04\/voland-logo-2.png","contentUrl":"https:\/\/thomasvoland.com\/blog\/wp-content\/uploads\/2023\/04\/voland-logo-2.png","width":210,"height":45,"caption":"Thomas Voland"},"image":{"@id":"https:\/\/thomasvoland.com\/blog\/#\/schema\/logo\/image\/"},"sameAs":["https:\/\/www.facebook.com\/t.pluszczyk","https:\/\/x.com\/TomaszPluszczyk","https:\/\/www.instagram.com\/thomas_voland\/","https:\/\/www.youtube.com\/channel\/UCRWUS9d3Y3Pi-S9pVs9DKqA"]},{"@type":"Person","@id":"https:\/\/thomasvoland.com\/blog\/#\/schema\/person\/a2fe45ab834fc67a182b07e2b634b8fb","name":"Thomas Voland","image":{"@type":"ImageObject","inLanguage":"pl-PL","@id":"https:\/\/thomasvoland.com\/blog\/#\/schema\/person\/image\/","url":"https:\/\/secure.gravatar.com\/avatar\/663d664d6b3875c4a37077bc16b96169?s=96&d=mm&r=g","contentUrl":"https:\/\/secure.gravatar.com\/avatar\/663d664d6b3875c4a37077bc16b96169?s=96&d=mm&r=g","caption":"Thomas Voland"},"description":"Od kilku lat robi\u0119 zdj\u0119cia beauty i fashion, a efekty pokazuj\u0119 na tym blogu. Razem z opisami sesji publikuj\u0119 schematy o\u015bwietlenia, zdj\u0119cia zza kulis i wszystko to, co istotne podczas fotografowania. Mieszkam w Azji, ale czasami zdarza mi si\u0119 wpa\u015b\u0107 do Polski.","sameAs":["https:\/\/www.facebook.com\/voland.thomas","https:\/\/x.com\/https:\/\/twitter.com\/thomas_voland","http:\/\/youtube.com\/c\/ThomasVoland"]}]}},"jetpack_featured_media_url":"https:\/\/thomasvoland.com\/blog\/wp-content\/uploads\/2014\/08\/zoom.jpg","jetpack_shortlink":"https:\/\/wp.me\/p2VD7q-14Q","jetpack_sharing_enabled":true,"_links":{"self":[{"href":"https:\/\/thomasvoland.com\/blog\/wp-json\/wp\/v2\/posts\/4144","targetHints":{"allow":["GET"]}}],"collection":[{"href":"https:\/\/thomasvoland.com\/blog\/wp-json\/wp\/v2\/posts"}],"about":[{"href":"https:\/\/thomasvoland.com\/blog\/wp-json\/wp\/v2\/types\/post"}],"author":[{"embeddable":true,"href":"https:\/\/thomasvoland.com\/blog\/wp-json\/wp\/v2\/users\/1"}],"replies":[{"embeddable":true,"href":"https:\/\/thomasvoland.com\/blog\/wp-json\/wp\/v2\/comments?post=4144"}],"version-history":[{"count":23,"href":"https:\/\/thomasvoland.com\/blog\/wp-json\/wp\/v2\/posts\/4144\/revisions"}],"predecessor-version":[{"id":10747,"href":"https:\/\/thomasvoland.com\/blog\/wp-json\/wp\/v2\/posts\/4144\/revisions\/10747"}],"wp:featuredmedia":[{"embeddable":true,"href":"https:\/\/thomasvoland.com\/blog\/wp-json\/wp\/v2\/media\/4409"}],"wp:attachment":[{"href":"https:\/\/thomasvoland.com\/blog\/wp-json\/wp\/v2\/media?parent=4144"}],"wp:term":[{"taxonomy":"category","embeddable":true,"href":"https:\/\/thomasvoland.com\/blog\/wp-json\/wp\/v2\/categories?post=4144"},{"taxonomy":"post_tag","embeddable":true,"href":"https:\/\/thomasvoland.com\/blog\/wp-json\/wp\/v2\/tags?post=4144"}],"curies":[{"name":"wp","href":"https:\/\/api.w.org\/{rel}","templated":true}]}}