{"id":2034,"date":"2013-07-11T07:00:53","date_gmt":"2013-07-11T05:00:53","guid":{"rendered":"https:\/\/thomasvoland.com\/blog\/?p=2034"},"modified":"2023-04-11T10:59:33","modified_gmt":"2023-04-11T08:59:33","slug":"fashion-z-blendami-sportowa-dolina-i-nie-tylko","status":"publish","type":"post","link":"https:\/\/thomasvoland.com\/blog\/fashion-z-blendami-sportowa-dolina-i-nie-tylko\/","title":{"rendered":"Fashion z blendami &#8211; Sportowa Dolina (DSD) i nie tylko"},"content":{"rendered":"<p style=\"text-align: justify;\">Sesje zdj\u0119ciowe wykonuj\u0119 wy\u0142\u0105cznie przy u\u017cyciu lamp b\u0142yskowych. Jak organizuj\u0119 sesj\u0119 w plenerze, to s\u0142o\u0144ce wy\u0142\u0105czam i robi\u0119 w\u0142asne lampami. Tym razem, mimo \u017ce mia\u0142em plenerowy zestaw studyjny 600 i 1200 Ws, zdecydowa\u0142em si\u0119 na robienie zdj\u0119\u0107 wy\u0142\u0105cznie w \u015bwietle zastanym.<\/p>\n<p style=\"text-align: justify;\">W tym roku bardzo ma\u0142o fotografowa\u0142em i stwierdzi\u0142em, \u017ce pora to zmieni\u0107. Wiedzia\u0142em, \u017ce nie chc\u0119 znowu robi\u0107 sesji beauty, tylko wreszcie fashion. Wiedzia\u0142em te\u017c z kim, ale nie mia\u0142em poj\u0119cia gdzie. Z miejscami na sesje zawsze by\u0142 u mnie ogromny problem. W\u0142a\u015bciwie do dnia zdj\u0119ciowego nie by\u0142o wiadomo, gdzie si\u0119 ona odb\u0119dzie. Pierwszym pomys\u0142em by\u0142a sesja zdj\u0119ciowa na jakim\u015b fajnym dachu, ale znajd\u017acie jaki\u015b dobrze wygl\u0105daj\u0105cy dach w mojej okolicy\u2026 P\u00f3\u017aniej pojawi\u0142a si\u0119 opcja zrobienia zdj\u0119\u0107 z piaskiem w tle.<!--more--><\/p>\n<h2 style=\"text-align: justify;\"><b>Przygotowania do sesji<\/b><\/h2>\n<p style=\"text-align: justify;\">Dzie\u0144 przed zdj\u0119ciami pojecha\u0142em w miejsce, w kt\u00f3rym powsta\u0142a moja <a href=\"https:\/\/thomasvoland.com\/blog\/the-walking-dead-jinbei-discovery-aurora-firefly\/\">poprzednia sesja<\/a> (inspirowana serialem \u201eThe Walking Dead\u201d). Niestety, ha\u0142dy piachu, kt\u00f3re jeszcze dwa miesi\u0105ce temu tam by\u0142y, wygl\u0105da\u0142y jak kupa b\u0142ota i tyle by\u0142o z pustynnego klimatu. Dwie osoby, kt\u00f3re przypadkowo tam spotka\u0142em, doradzi\u0142y mi sportow\u0105 dolin\u0119 w Bytomiu, zreszt\u0105 miejsce to dosy\u0107 cz\u0119sto pojawia\u0142o si\u0119 w propozycjach.<\/p>\n<p style=\"text-align: justify;\">Modelk\u0105 by\u0142a <a href=\"http:\/\/www.maxmodels.pl\/modelka-ladycroft7777.html\">Klaudia Danch<\/a>. Najpierw z\u0142o\u017cy\u0142a wizyt\u0119 <a href=\"https:\/\/www.facebook.com\/karolinazmakeupartist?fref=ts\">Karolinie Zientek<\/a>, kt\u00f3ra zaj\u0119\u0142a si\u0119 wiza\u017cem. P\u00f3\u017aniej pojecha\u0142a do Agi z <a href=\"http:\/\/www.leprestige.pl\">Le\u2019Prestige<\/a> po fryzur\u0119. Tam do\u0142\u0105czy\u0142em ja razem z Mateuszem \u201ePro\u201d Prociakiem i wymy\u015blili\u015bmy, \u017ce sesj\u0119 zrobimy w\u0142a\u015bnie na dolomitach, czyli w sportowej dolinie w Bytomiu. To obszar, z kt\u00f3rego kiedy\u015b wydobywano glin\u0119; ca\u0142kiem przyjemnie wygl\u0105daj\u0105ce miejsce, w sam raz na zdj\u0119cia. Na fotkach z backstage\u2019u uda\u0142o si\u0119 to uchwyci\u0107.<\/p>\n<h2 style=\"text-align: justify;\"><b>Plan zdj\u0119ciowy<\/b><\/h2>\n<p style=\"text-align: justify;\">By\u0142o 30\u00b0C (albo i wi\u0119cej), pe\u0142ne s\u0142o\u0144ce, jedynie gdzieniegdzie wida\u0107 by\u0142o pojedyncze chmury. W godzinach 11.00\u201314.00 teoretycznie panowa\u0142y beznadziejne warunki do robienia zdj\u0119\u0107. Ale nie, je\u015bli zamiast samego \u015bwiat\u0142a s\u0142onecznego, u\u017cyje si\u0119 te\u017c blend. Czemu blendy, a nie \u015bwiat\u0142o b\u0142yskowe? Bo ci\u0119\u017cko by\u0142oby tam rozstawi\u0107 o\u015bwietlenie, tak \u017ceby z czego\u015b nie spad\u0142o. Tym razem zwyczajnie nie mia\u0142em potrzeby wygaszania \u015bwiat\u0142a zastanego i tworzenia w\u0142asnego klimatu, wi\u0119c z blendami mog\u0142em osi\u0105gn\u0105\u0107 podobne rezultaty, oszcz\u0119dzaj\u0105c przy tym sporo czasu i energii.<\/p>\n<p style=\"text-align: justify;\">Samo \u015bwiat\u0142o zastane nie sprawdzi\u0142o si\u0119 m.in. dlatego, \u017ce cz\u0119sto fotografowa\u0142em nieco pod s\u0142o\u0144ce \u2013 wtedy posta\u0107 wygl\u0105da\u0142a jak czarna plama. Zreszt\u0105 niemal ka\u017cde zdj\u0119cie lepiej wygl\u0105da z blend\u0105 ni\u017c bez niej. W ruch posz\u0142y dwie o wymiarach <a href=\"http:\/\/fripers.pl\/product_info.php\/info\/p1199_5w1-blenda-piecioplaszczyznowa-120x180cm-FreePower.html\">180 x 120 cm<\/a> i <a href=\"http:\/\/fripers.pl\/product_info.php\/info\/p116_5w1-blenda-piecioplaszczyznowa-107cm-FreePower.html\">107 cm (okr\u0105g\u0142a)<\/a>. Ta pierwsza do\u015bwietla\u0142a ca\u0142\u0105 posta\u0107, a druga tylko twarz. \u015awiecili\u015bmy r\u00f3\u017cnie \u2013 czasem jedn\u0105 blend\u0105, czasem dwiema (w\u00f3wczas ta wi\u0119ksza by\u0142a oparta o statyw).<\/p>\n<h2 style=\"text-align: justify;\"><b>Zdj\u0119cia w Sportowej Dolinie<\/b><\/h2>\n<p style=\"text-align: justify;\">Przy pierwszym uj\u0119ciu u\u017cy\u0142em tylko tej wi\u0119kszej blendy w wersji srebrnej \u2013 musia\u0142a przej\u0105\u0107 rol\u0119 g\u0142\u00f3wnego \u015bwiat\u0142a, a bia\u0142a by\u0142o do tego zdecydowanie za s\u0142aba.<\/p>\n<p style=\"text-align: justify;\"><a href=\"https:\/\/thomasvoland.com\/blog\/wp-content\/uploads\/2013\/07\/DSC_9718.jpg\"><img fetchpriority=\"high\" decoding=\"async\" class=\"aligncenter wp-image-2048 size-full\" src=\"https:\/\/thomasvoland.com\/blog\/wp-content\/uploads\/2013\/07\/DSC_9718.jpg\" alt=\"Dolomity Sportowa Dolina - fashion z blendami\" width=\"757\" height=\"1150\" srcset=\"https:\/\/thomasvoland.com\/blog\/wp-content\/uploads\/2013\/07\/DSC_9718.jpg 757w, https:\/\/thomasvoland.com\/blog\/wp-content\/uploads\/2013\/07\/DSC_9718-1920x2916.jpg 1920w, https:\/\/thomasvoland.com\/blog\/wp-content\/uploads\/2013\/07\/DSC_9718-870x1321.jpg 870w, https:\/\/thomasvoland.com\/blog\/wp-content\/uploads\/2013\/07\/DSC_9718-768x1166.jpg 768w, https:\/\/thomasvoland.com\/blog\/wp-content\/uploads\/2013\/07\/DSC_9718-680x1033.jpg 680w\" sizes=\"(max-width: 757px) 100vw, 757px\" \/><\/a><\/p>\n<p style=\"text-align: center;\">Nikon D700 | Sigma 50mm 1,4 EX DG HSM | F\/4,5 | 1\/1250 | ISO 200<\/p>\n<p style=\"text-align: justify;\">S\u0142o\u0144ce by\u0142o z lewej strony \u2013 o\u015bwietla\u0142o t\u0142o i pe\u0142ni\u0142o rol\u0119 kontry. Klaudi\u0119 ustawi\u0142em du\u017co wy\u017cej ode mnie, a kadrowa\u0142em tak, \u017ceby w tle znalaz\u0142o si\u0119 tylko niebo, bez drzew, kt\u00f3re st\u0105d bardziej przypomina\u0142y krzewy\u2026<\/p>\n<p style=\"text-align: justify;\">Kolejne uj\u0119cie i kolejne miejsce, tym razem na bardziej urozmaiconym tle. Podczas robienia zdj\u0119\u0107 w tak mocnym s\u0142o\u0144cu nie trzeba si\u0119 ba\u0107 odbijania \u015bwiat\u0142a blend\u0105 z do\u0142u. S\u0142o\u0144ce \u015bwieci z g\u00f3ry bardzo mocno i za pomoc\u0105 blendy nie sprawi\u0119, \u017ce cienie przesun\u0105 si\u0119 z do\u0142u do g\u00f3ry. Je\u015bli jednak by tak wysz\u0142o, to znaczy, \u017ce blenda jest za blisko, ale objawi si\u0119 to pewnie te\u017c kompletnie przepalon\u0105 twarz\u0105.<\/p>\n<p style=\"text-align: justify;\"><a href=\"https:\/\/thomasvoland.com\/blog\/wp-content\/uploads\/2013\/07\/DSC_9787.jpg\"><img decoding=\"async\" class=\"aligncenter wp-image-2037 size-full\" src=\"https:\/\/thomasvoland.com\/blog\/wp-content\/uploads\/2013\/07\/DSC_9787.jpg\" alt=\"Dolomity Sportowa Dolina - fashion z blendami\" width=\"783\" height=\"1150\" srcset=\"https:\/\/thomasvoland.com\/blog\/wp-content\/uploads\/2013\/07\/DSC_9787.jpg 783w, https:\/\/thomasvoland.com\/blog\/wp-content\/uploads\/2013\/07\/DSC_9787-1920x2819.jpg 1920w, https:\/\/thomasvoland.com\/blog\/wp-content\/uploads\/2013\/07\/DSC_9787-870x1277.jpg 870w, https:\/\/thomasvoland.com\/blog\/wp-content\/uploads\/2013\/07\/DSC_9787-768x1127.jpg 768w, https:\/\/thomasvoland.com\/blog\/wp-content\/uploads\/2013\/07\/DSC_9787-680x998.jpg 680w\" sizes=\"(max-width: 783px) 100vw, 783px\" \/><\/a><\/p>\n<p style=\"text-align: center;\">Nikon D700 | Sigma 50mm 1,4 EX DG HSM | F\/3,5 | 1\/3200 | ISO 200<\/p>\n<p style=\"text-align: justify;\">S\u0142o\u0144ce znajdowa\u0142o si\u0119 za moimi plecami, bardzo wysoko. Blendy roz\u015bwietla\u0142y cienie, kt\u00f3re si\u0119 przez to zrobi\u0142y od fryzury, rz\u0119s itd.<\/p>\n<p style=\"text-align: justify;\">Tak samo na kadrze pionowym. Parametry aparatu s\u0105 nieco inne, \u017ceby g\u0142\u0119bia ostro\u015bci by\u0142a wi\u0119ksza.<\/p>\n<p style=\"text-align: justify;\"><a href=\"https:\/\/thomasvoland.com\/blog\/wp-content\/uploads\/2013\/07\/dsc_9797.jpg\"><img decoding=\"async\" class=\"aligncenter size-thumbnail wp-image-13890\" src=\"https:\/\/thomasvoland.com\/blog\/wp-content\/uploads\/2013\/07\/dsc_9797-870x594.jpg\" alt=\"\" width=\"870\" height=\"594\" srcset=\"https:\/\/thomasvoland.com\/blog\/wp-content\/uploads\/2013\/07\/dsc_9797-870x594.jpg 870w, https:\/\/thomasvoland.com\/blog\/wp-content\/uploads\/2013\/07\/dsc_9797-680x464.jpg 680w, https:\/\/thomasvoland.com\/blog\/wp-content\/uploads\/2013\/07\/dsc_9797-768x524.jpg 768w, https:\/\/thomasvoland.com\/blog\/wp-content\/uploads\/2013\/07\/dsc_9797-500x341.jpg 500w, https:\/\/thomasvoland.com\/blog\/wp-content\/uploads\/2013\/07\/dsc_9797-1000x683.jpg 1000w, https:\/\/thomasvoland.com\/blog\/wp-content\/uploads\/2013\/07\/dsc_9797-736x503.jpg 736w, https:\/\/thomasvoland.com\/blog\/wp-content\/uploads\/2013\/07\/dsc_9797.jpg 1280w\" sizes=\"(max-width: 870px) 100vw, 870px\" \/><\/a><\/p>\n<p style=\"text-align: center;\">Nikon D700 | Sigma 50mm 1,4 EX DG HSM | F\/5,6 | 1\/1600 | ISO 200<\/p>\n<h2 style=\"text-align: justify;\"><b>Koniec pleneru nr 1<\/b><\/h2>\n<p style=\"text-align: justify;\">Po zako\u0144czonej sesji w DSD przyszed\u0142 czas na obiad w Mc\u2019Donaldzie i \u201eburz\u0119 m\u00f3zg\u00f3w\u201d dotycz\u0105c\u0105 miejsca na kolejne zdj\u0119cia. Na dach stacji BP pewnie by nas nie wpu\u015bcili, pobliskie schody okaza\u0142y si\u0119 niewypa\u0142em, a dachy okolicznych wie\u017cowc\u00f3w wydawa\u0142y si\u0119 r\u00f3wnie kiepskie, co wizja dostania si\u0119 na nie. Wyl\u0105dowali\u015bmy w skate parku, kt\u00f3ry, mimo przekonywa\u0144 modelki i asystenta, \u017ce mo\u017ce co\u015b z tego wyjdzie, czym pr\u0119dzej opu\u015bci\u0142em. Kilkadziesi\u0105t metr\u00f3w dalej znale\u017ali\u015bmy to\u2026<\/p>\n<h2 style=\"text-align: justify;\"><b>Plener drugi<\/b><\/h2>\n<p style=\"text-align: justify;\"><a href=\"https:\/\/thomasvoland.com\/blog\/wp-content\/uploads\/2013\/07\/DSC_9913.jpg\"><img loading=\"lazy\" decoding=\"async\" class=\"aligncenter wp-image-2049 size-full\" src=\"https:\/\/thomasvoland.com\/blog\/wp-content\/uploads\/2013\/07\/DSC_9913.jpg\" alt=\"fashion z blendami\" width=\"805\" height=\"1150\" srcset=\"https:\/\/thomasvoland.com\/blog\/wp-content\/uploads\/2013\/07\/DSC_9913.jpg 805w, https:\/\/thomasvoland.com\/blog\/wp-content\/uploads\/2013\/07\/DSC_9913-1920x2742.jpg 1920w, https:\/\/thomasvoland.com\/blog\/wp-content\/uploads\/2013\/07\/DSC_9913-870x1242.jpg 870w, https:\/\/thomasvoland.com\/blog\/wp-content\/uploads\/2013\/07\/DSC_9913-768x1097.jpg 768w, https:\/\/thomasvoland.com\/blog\/wp-content\/uploads\/2013\/07\/DSC_9913-680x971.jpg 680w\" sizes=\"(max-width: 805px) 100vw, 805px\" \/><\/a><\/p>\n<p style=\"text-align: center;\">Nikon D700 | Sigma 50mm 1,4 EX DG HSM | 7,1 | 1\/1250 | ISO 200<\/p>\n<p style=\"text-align: justify;\">Na temat powy\u017cszego zdj\u0119cia nie ma si\u0119 co rozpisywa\u0107. Wi\u0119kszo\u015b\u0107 zosta\u0142a po staremu \u2013 s\u0142o\u0144ce by\u0142o za moimi plecami, z lewej strony. Tym razem \u201ePro\u201d \u015bwieci\u0142 wy\u0142\u0105cznie t\u0105 mniejsz\u0105 blend\u0105 i celowa\u0142 w twarz, omijaj\u0105c ubranie. W przeciwnym wypadku by\u0142oby kompletnie przepalone (bia\u0142a kurtka).<\/p>\n<h2 style=\"text-align: justify;\"><b>Blendy<\/b><\/h2>\n<p style=\"text-align: justify;\">Blendy warto mie\u0107 w swoim zestawie wybieraj\u0105c si\u0119 zar\u00f3wno w plener, jak i do studia. Nie ma uniwersalnego rozmiaru, kt\u00f3ry zast\u0105pi wszystkie. Do do\u015bwietlania cieni w zdj\u0119ciach beauty i portretowych produkt o \u015brodnicy ok. 50 cm sprawdzi si\u0119 \u015bwietnie (wi\u0119ksze ju\u017c znacznie s\u0142abiej), ale do takiej sesji, jak tutaj opisa\u0142em, 56 cm to z pewno\u015bci\u0105 za ma\u0142o.<\/p>\n<p style=\"text-align: justify;\">Podstawa to mie\u0107 blend\u0119 bia\u0142\u0105 i srebrn\u0105, ale zdecydowanie polecam dop\u0142aci\u0107 i kupi\u0107 5w1, szczeg\u00f3lnie w przypadku tej najwi\u0119kszej. Jak sama nazwa wskazuje, jest to pi\u0119\u0107 blend w jednej \u2013 bia\u0142a przydatna do dopalania cieni; srebrna do plener\u00f3w w mocnym s\u0142o\u0144cu; z\u0142ota do ocieplenia kolor\u00f3w np. zim\u0105 albo nadania innego charakteru zdj\u0119ciom czarno-bia\u0142ym; czarna jako ekran zas\u0142aniaj\u0105cy \u015bwiat\u0142o albo jako t\u0142o (t\u0119 wykorzystuj\u0119 prawie zawsze przy robieniu sesji beauty \u2013 wi\u0119cej na ten temat <a href=\"https:\/\/thomasvoland.com\/blog\/onyx-poraz-ostatni-i-blenda-jako-tlo\/\">tutaj<\/a>). Jest te\u017c bia\u0142a p\u00f3\u0142przepuszczalna, czyli dyfuzor, kt\u00f3ry s\u0142u\u017cy do zmi\u0119kczania \u015bwiat\u0142a. W moim zestawie znajduj\u0105 si\u0119 dwie blendy <a href=\"http:\/\/fripers.pl\/product_info.php\/info\/p1199_5w1-blenda-piecioplaszczyznowa-120x180cm-FreePower.html\">180 x 120 cm 5w1<\/a>, jedna <a href=\"http:\/\/fripers.pl\/product_info.php\/info\/p116_5w1-blenda-piecioplaszczyznowa-107cm-FreePower.html\">107 cm 5w1<\/a> (u\u017cywam jedynie bia\u0142ej i okazjonalnie srebrnej). Posiadam te\u017c dwustronn\u0105, okr\u0105g\u0142\u0105, o \u015brednicy <a href=\"http:\/\/fripers.pl\/product_info.php\/info\/p3466_2w1-blenda-srebrno-biala-56cm-Basic-FreePower.html\">56 cm (bia\u0142a\/srebrna).<\/a><\/p>\n<p style=\"text-align: justify;\">Popularne jest robienie blendy samemu, z koca grzewczego (do kupienia w aptece za ok. 10 z\u0142). Taki koc jest z jednej strony srebrny, z drugiej z\u0142oty i strasznie si\u0119 gniecie. Przypomina nieco foli\u0119 aluminiow\u0105, tyle \u017ce jest znacznie wytrzymalszy. Kojarzycie takie siatki przyciemniaj\u0105ce szyby w samochodach, przyklejane na gumowych przyssawkach, \u0142atwe w sk\u0142adaniu. Tak \u0142atwe jak blendy\u2026 Kupuje si\u0119 tak\u0105 ramk\u0119, wycina siatk\u0119 i w jej miejsce przykleja koc grzewczy. W efekcie powstaje \u0142atwa w sk\u0142adaniu blenda, przypominaj\u0105ca w sk\u0142adaniu te oryginalne. Mia\u0142em tak\u0105 i NIE polecam. Trwa\u0142o\u015b\u0107 jest du\u017co mniejsza ni\u017c \u201eorygina\u0142u\u201d made in China, na wietrze wygina si\u0119 i zawija niemi\u0142osiernie, a powierzchnia jest bardzo \u015bwiec\u0105ca. Za bardzo. Blendy s\u0105 tanie, lepiej troch\u0119 dop\u0142aci\u0107 i mie\u0107 porz\u0105dny produkt.<\/p>\n<h2 style=\"text-align: justify;\"><b>Backstage<\/b><\/h2>\n<p><img decoding=\"async\" class=\"ngg_displayed_gallery mceItem\" src=\"https:\/\/thomasvoland.com\/blog\/nextgen-attach_to_post\/preview\/id--2688\" alt=\"\" \/><\/p>\n<h2 style=\"text-align: justify;\"><b>Podsumowanie<\/b><\/h2>\n<p style=\"text-align: justify;\">Sesja m\u0119cz\u0105ca, ale udana. Trzeba zrobi\u0107 tak\u0105 kolejn\u0105, p\u00f3ki pogoda dopisuje\u2026 Z blendami pracuje si\u0119 wygodniej ni\u017c z lampami, bo omija nas ca\u0142y proces zwi\u0105zany z rozk\u0142adaniem sprz\u0119tu i jego pakowaniem. Schowanie blendy to kwestia kilku sekund. Podobno wygodne s\u0105 blendy tr\u00f3jk\u0105tne \u2013 w jednym z rog\u00f3w maj\u0105 uchwyt i mo\u017cna je wygodnie trzyma\u0107 jedn\u0105 r\u0119k\u0105, nawet je\u015bli w drugiej jest aparat. Jednak nie spodziewajcie si\u0119, \u017ce teraz porzuc\u0119 lampy\u2026 Sesje ze sprz\u0119tem studyjnym ju\u017c wkr\u00f3tce.<\/p>\n","protected":false},"excerpt":{"rendered":"<p>Sesje zdj\u0119ciowe wykonuj\u0119 wy\u0142\u0105cznie przy u\u017cyciu lamp b\u0142yskowych. Jak organizuj\u0119 sesj\u0119 w plenerze, to s\u0142o\u0144ce wy\u0142\u0105czam i robi\u0119 w\u0142asne lampami. Tym razem, mimo \u017ce mia\u0142em plenerowy zestaw studyjny 600 i 1200 Ws, zdecydowa\u0142em si\u0119 na robienie zdj\u0119\u0107 wy\u0142\u0105cznie w \u015bwietle zastanym. W tym roku bardzo ma\u0142o fotografowa\u0142em i stwierdzi\u0142em, \u017ce pora to zmieni\u0107. Wiedzia\u0142em, \u017ce [&hellip;]<\/p>\n","protected":false},"author":1,"featured_media":2035,"comment_status":"closed","ping_status":"open","sticky":false,"template":"","format":"standard","meta":{"om_disable_all_campaigns":false,"_jetpack_newsletter_access":"","_jetpack_dont_email_post_to_subs":false,"_jetpack_newsletter_tier_id":0,"_jetpack_memberships_contains_paywalled_content":false,"_jetpack_memberships_contains_paid_content":false,"footnotes":""},"categories":[26,28],"tags":[119,5,50,118],"class_list":["post-2034","post","type-post","status-publish","format-standard","has-post-thumbnail","hentry","category-sesje-zdjeciowe","category-sprzet","tag-bytom","tag-fashion","tag-klaudia-danch","tag-sportowa-dolina"],"yoast_head":"<!-- This site is optimized with the Yoast SEO plugin v23.9 - https:\/\/yoast.com\/wordpress\/plugins\/seo\/ -->\n<title>Fashion z blendami - Sportowa Dolina (DSD) i nie tylko - Thomas Voland<\/title>\n<meta name=\"robots\" content=\"index, follow, max-snippet:-1, max-image-preview:large, max-video-preview:-1\" \/>\n<link rel=\"canonical\" href=\"https:\/\/thomasvoland.com\/blog\/fashion-z-blendami-sportowa-dolina-i-nie-tylko\/\" \/>\n<meta property=\"og:locale\" content=\"pl_PL\" \/>\n<meta property=\"og:type\" content=\"article\" \/>\n<meta property=\"og:title\" content=\"Fashion z blendami - Sportowa Dolina (DSD) i nie tylko - Thomas Voland\" \/>\n<meta property=\"og:description\" content=\"Sesje zdj\u0119ciowe wykonuj\u0119 wy\u0142\u0105cznie przy u\u017cyciu lamp b\u0142yskowych. Jak organizuj\u0119 sesj\u0119 w plenerze, to s\u0142o\u0144ce wy\u0142\u0105czam i robi\u0119 w\u0142asne lampami. Tym razem, mimo \u017ce mia\u0142em plenerowy zestaw studyjny 600 i 1200 Ws, zdecydowa\u0142em si\u0119 na robienie zdj\u0119\u0107 wy\u0142\u0105cznie w \u015bwietle zastanym. W tym roku bardzo ma\u0142o fotografowa\u0142em i stwierdzi\u0142em, \u017ce pora to zmieni\u0107. Wiedzia\u0142em, \u017ce [&hellip;]\" \/>\n<meta property=\"og:url\" content=\"https:\/\/thomasvoland.com\/blog\/fashion-z-blendami-sportowa-dolina-i-nie-tylko\/\" \/>\n<meta property=\"og:site_name\" content=\"Thomas Voland\" \/>\n<meta property=\"article:publisher\" content=\"https:\/\/www.facebook.com\/t.pluszczyk\" \/>\n<meta property=\"article:author\" content=\"https:\/\/www.facebook.com\/voland.thomas\" \/>\n<meta property=\"article:published_time\" content=\"2013-07-11T05:00:53+00:00\" \/>\n<meta property=\"article:modified_time\" content=\"2023-04-11T08:59:33+00:00\" \/>\n<meta property=\"og:image\" content=\"https:\/\/thomasvoland.com\/blog\/wp-content\/uploads\/2013\/07\/DSC_9797.jpg\" \/>\n\t<meta property=\"og:image:width\" content=\"1280\" \/>\n\t<meta property=\"og:image:height\" content=\"874\" \/>\n\t<meta property=\"og:image:type\" content=\"image\/jpeg\" \/>\n<meta name=\"author\" content=\"Thomas Voland\" \/>\n<meta name=\"twitter:card\" content=\"summary_large_image\" \/>\n<meta name=\"twitter:creator\" content=\"@https:\/\/twitter.com\/thomas_voland\" \/>\n<meta name=\"twitter:site\" content=\"@TomaszPluszczyk\" \/>\n<meta name=\"twitter:label1\" content=\"Napisane przez\" \/>\n\t<meta name=\"twitter:data1\" content=\"Thomas Voland\" \/>\n\t<meta name=\"twitter:label2\" content=\"Szacowany czas czytania\" \/>\n\t<meta name=\"twitter:data2\" content=\"8 minut\" \/>\n<script type=\"application\/ld+json\" class=\"yoast-schema-graph\">{\"@context\":\"https:\/\/schema.org\",\"@graph\":[{\"@type\":\"Article\",\"@id\":\"https:\/\/thomasvoland.com\/blog\/fashion-z-blendami-sportowa-dolina-i-nie-tylko\/#article\",\"isPartOf\":{\"@id\":\"https:\/\/thomasvoland.com\/blog\/fashion-z-blendami-sportowa-dolina-i-nie-tylko\/\"},\"author\":{\"name\":\"Thomas Voland\",\"@id\":\"https:\/\/thomasvoland.com\/blog\/#\/schema\/person\/a2fe45ab834fc67a182b07e2b634b8fb\"},\"headline\":\"Fashion z blendami &#8211; Sportowa Dolina (DSD) i nie tylko\",\"datePublished\":\"2013-07-11T05:00:53+00:00\",\"dateModified\":\"2023-04-11T08:59:33+00:00\",\"mainEntityOfPage\":{\"@id\":\"https:\/\/thomasvoland.com\/blog\/fashion-z-blendami-sportowa-dolina-i-nie-tylko\/\"},\"wordCount\":1358,\"publisher\":{\"@id\":\"https:\/\/thomasvoland.com\/blog\/#organization\"},\"image\":{\"@id\":\"https:\/\/thomasvoland.com\/blog\/fashion-z-blendami-sportowa-dolina-i-nie-tylko\/#primaryimage\"},\"thumbnailUrl\":\"https:\/\/thomasvoland.com\/blog\/wp-content\/uploads\/2013\/07\/DSC_9797.jpg\",\"keywords\":[\"bytom\",\"fashion\",\"Klaudia Danch\",\"sportowa dolina\"],\"articleSection\":[\"Sesje zdj\u0119ciowe\",\"Sprz\u0119t\"],\"inLanguage\":\"pl-PL\"},{\"@type\":\"WebPage\",\"@id\":\"https:\/\/thomasvoland.com\/blog\/fashion-z-blendami-sportowa-dolina-i-nie-tylko\/\",\"url\":\"https:\/\/thomasvoland.com\/blog\/fashion-z-blendami-sportowa-dolina-i-nie-tylko\/\",\"name\":\"Fashion z blendami - Sportowa Dolina (DSD) i nie tylko - Thomas Voland\",\"isPartOf\":{\"@id\":\"https:\/\/thomasvoland.com\/blog\/#website\"},\"primaryImageOfPage\":{\"@id\":\"https:\/\/thomasvoland.com\/blog\/fashion-z-blendami-sportowa-dolina-i-nie-tylko\/#primaryimage\"},\"image\":{\"@id\":\"https:\/\/thomasvoland.com\/blog\/fashion-z-blendami-sportowa-dolina-i-nie-tylko\/#primaryimage\"},\"thumbnailUrl\":\"https:\/\/thomasvoland.com\/blog\/wp-content\/uploads\/2013\/07\/DSC_9797.jpg\",\"datePublished\":\"2013-07-11T05:00:53+00:00\",\"dateModified\":\"2023-04-11T08:59:33+00:00\",\"breadcrumb\":{\"@id\":\"https:\/\/thomasvoland.com\/blog\/fashion-z-blendami-sportowa-dolina-i-nie-tylko\/#breadcrumb\"},\"inLanguage\":\"pl-PL\",\"potentialAction\":[{\"@type\":\"ReadAction\",\"target\":[\"https:\/\/thomasvoland.com\/blog\/fashion-z-blendami-sportowa-dolina-i-nie-tylko\/\"]}]},{\"@type\":\"ImageObject\",\"inLanguage\":\"pl-PL\",\"@id\":\"https:\/\/thomasvoland.com\/blog\/fashion-z-blendami-sportowa-dolina-i-nie-tylko\/#primaryimage\",\"url\":\"https:\/\/thomasvoland.com\/blog\/wp-content\/uploads\/2013\/07\/DSC_9797.jpg\",\"contentUrl\":\"https:\/\/thomasvoland.com\/blog\/wp-content\/uploads\/2013\/07\/DSC_9797.jpg\",\"width\":1280,\"height\":874,\"caption\":\"Dolomity Sportowa Dolina - fashion z blendami\"},{\"@type\":\"BreadcrumbList\",\"@id\":\"https:\/\/thomasvoland.com\/blog\/fashion-z-blendami-sportowa-dolina-i-nie-tylko\/#breadcrumb\",\"itemListElement\":[{\"@type\":\"ListItem\",\"position\":1,\"name\":\"Strona g\u0142\u00f3wna\",\"item\":\"https:\/\/thomasvoland.com\/blog\/\"},{\"@type\":\"ListItem\",\"position\":2,\"name\":\"Fashion z blendami &#8211; Sportowa Dolina (DSD) i nie tylko\"}]},{\"@type\":\"WebSite\",\"@id\":\"https:\/\/thomasvoland.com\/blog\/#website\",\"url\":\"https:\/\/thomasvoland.com\/blog\/\",\"name\":\"Thomas Voland\",\"description\":\"\",\"publisher\":{\"@id\":\"https:\/\/thomasvoland.com\/blog\/#organization\"},\"potentialAction\":[{\"@type\":\"SearchAction\",\"target\":{\"@type\":\"EntryPoint\",\"urlTemplate\":\"https:\/\/thomasvoland.com\/blog\/?s={search_term_string}\"},\"query-input\":{\"@type\":\"PropertyValueSpecification\",\"valueRequired\":true,\"valueName\":\"search_term_string\"}}],\"inLanguage\":\"pl-PL\"},{\"@type\":\"Organization\",\"@id\":\"https:\/\/thomasvoland.com\/blog\/#organization\",\"name\":\"Thomas Voland\",\"url\":\"https:\/\/thomasvoland.com\/blog\/\",\"logo\":{\"@type\":\"ImageObject\",\"inLanguage\":\"pl-PL\",\"@id\":\"https:\/\/thomasvoland.com\/blog\/#\/schema\/logo\/image\/\",\"url\":\"https:\/\/thomasvoland.com\/blog\/wp-content\/uploads\/2023\/04\/voland-logo-2.png\",\"contentUrl\":\"https:\/\/thomasvoland.com\/blog\/wp-content\/uploads\/2023\/04\/voland-logo-2.png\",\"width\":210,\"height\":45,\"caption\":\"Thomas Voland\"},\"image\":{\"@id\":\"https:\/\/thomasvoland.com\/blog\/#\/schema\/logo\/image\/\"},\"sameAs\":[\"https:\/\/www.facebook.com\/t.pluszczyk\",\"https:\/\/x.com\/TomaszPluszczyk\",\"https:\/\/www.instagram.com\/thomas_voland\/\",\"https:\/\/www.youtube.com\/channel\/UCRWUS9d3Y3Pi-S9pVs9DKqA\"]},{\"@type\":\"Person\",\"@id\":\"https:\/\/thomasvoland.com\/blog\/#\/schema\/person\/a2fe45ab834fc67a182b07e2b634b8fb\",\"name\":\"Thomas Voland\",\"image\":{\"@type\":\"ImageObject\",\"inLanguage\":\"pl-PL\",\"@id\":\"https:\/\/thomasvoland.com\/blog\/#\/schema\/person\/image\/\",\"url\":\"https:\/\/secure.gravatar.com\/avatar\/663d664d6b3875c4a37077bc16b96169?s=96&d=mm&r=g\",\"contentUrl\":\"https:\/\/secure.gravatar.com\/avatar\/663d664d6b3875c4a37077bc16b96169?s=96&d=mm&r=g\",\"caption\":\"Thomas Voland\"},\"description\":\"Od kilku lat robi\u0119 zdj\u0119cia beauty i fashion, a efekty pokazuj\u0119 na tym blogu. Razem z opisami sesji publikuj\u0119 schematy o\u015bwietlenia, zdj\u0119cia zza kulis i wszystko to, co istotne podczas fotografowania. Mieszkam w Azji, ale czasami zdarza mi si\u0119 wpa\u015b\u0107 do Polski.\",\"sameAs\":[\"https:\/\/www.facebook.com\/voland.thomas\",\"https:\/\/x.com\/https:\/\/twitter.com\/thomas_voland\",\"http:\/\/youtube.com\/c\/ThomasVoland\"]}]}<\/script>\n<!-- \/ Yoast SEO plugin. -->","yoast_head_json":{"title":"Fashion z blendami - Sportowa Dolina (DSD) i nie tylko - Thomas Voland","robots":{"index":"index","follow":"follow","max-snippet":"max-snippet:-1","max-image-preview":"max-image-preview:large","max-video-preview":"max-video-preview:-1"},"canonical":"https:\/\/thomasvoland.com\/blog\/fashion-z-blendami-sportowa-dolina-i-nie-tylko\/","og_locale":"pl_PL","og_type":"article","og_title":"Fashion z blendami - Sportowa Dolina (DSD) i nie tylko - Thomas Voland","og_description":"Sesje zdj\u0119ciowe wykonuj\u0119 wy\u0142\u0105cznie przy u\u017cyciu lamp b\u0142yskowych. Jak organizuj\u0119 sesj\u0119 w plenerze, to s\u0142o\u0144ce wy\u0142\u0105czam i robi\u0119 w\u0142asne lampami. Tym razem, mimo \u017ce mia\u0142em plenerowy zestaw studyjny 600 i 1200 Ws, zdecydowa\u0142em si\u0119 na robienie zdj\u0119\u0107 wy\u0142\u0105cznie w \u015bwietle zastanym. W tym roku bardzo ma\u0142o fotografowa\u0142em i stwierdzi\u0142em, \u017ce pora to zmieni\u0107. Wiedzia\u0142em, \u017ce [&hellip;]","og_url":"https:\/\/thomasvoland.com\/blog\/fashion-z-blendami-sportowa-dolina-i-nie-tylko\/","og_site_name":"Thomas Voland","article_publisher":"https:\/\/www.facebook.com\/t.pluszczyk","article_author":"https:\/\/www.facebook.com\/voland.thomas","article_published_time":"2013-07-11T05:00:53+00:00","article_modified_time":"2023-04-11T08:59:33+00:00","og_image":[{"width":1280,"height":874,"url":"https:\/\/thomasvoland.com\/blog\/wp-content\/uploads\/2013\/07\/DSC_9797.jpg","type":"image\/jpeg"}],"author":"Thomas Voland","twitter_card":"summary_large_image","twitter_creator":"@https:\/\/twitter.com\/thomas_voland","twitter_site":"@TomaszPluszczyk","twitter_misc":{"Napisane przez":"Thomas Voland","Szacowany czas czytania":"8 minut"},"schema":{"@context":"https:\/\/schema.org","@graph":[{"@type":"Article","@id":"https:\/\/thomasvoland.com\/blog\/fashion-z-blendami-sportowa-dolina-i-nie-tylko\/#article","isPartOf":{"@id":"https:\/\/thomasvoland.com\/blog\/fashion-z-blendami-sportowa-dolina-i-nie-tylko\/"},"author":{"name":"Thomas Voland","@id":"https:\/\/thomasvoland.com\/blog\/#\/schema\/person\/a2fe45ab834fc67a182b07e2b634b8fb"},"headline":"Fashion z blendami &#8211; Sportowa Dolina (DSD) i nie tylko","datePublished":"2013-07-11T05:00:53+00:00","dateModified":"2023-04-11T08:59:33+00:00","mainEntityOfPage":{"@id":"https:\/\/thomasvoland.com\/blog\/fashion-z-blendami-sportowa-dolina-i-nie-tylko\/"},"wordCount":1358,"publisher":{"@id":"https:\/\/thomasvoland.com\/blog\/#organization"},"image":{"@id":"https:\/\/thomasvoland.com\/blog\/fashion-z-blendami-sportowa-dolina-i-nie-tylko\/#primaryimage"},"thumbnailUrl":"https:\/\/thomasvoland.com\/blog\/wp-content\/uploads\/2013\/07\/DSC_9797.jpg","keywords":["bytom","fashion","Klaudia Danch","sportowa dolina"],"articleSection":["Sesje zdj\u0119ciowe","Sprz\u0119t"],"inLanguage":"pl-PL"},{"@type":"WebPage","@id":"https:\/\/thomasvoland.com\/blog\/fashion-z-blendami-sportowa-dolina-i-nie-tylko\/","url":"https:\/\/thomasvoland.com\/blog\/fashion-z-blendami-sportowa-dolina-i-nie-tylko\/","name":"Fashion z blendami - Sportowa Dolina (DSD) i nie tylko - Thomas Voland","isPartOf":{"@id":"https:\/\/thomasvoland.com\/blog\/#website"},"primaryImageOfPage":{"@id":"https:\/\/thomasvoland.com\/blog\/fashion-z-blendami-sportowa-dolina-i-nie-tylko\/#primaryimage"},"image":{"@id":"https:\/\/thomasvoland.com\/blog\/fashion-z-blendami-sportowa-dolina-i-nie-tylko\/#primaryimage"},"thumbnailUrl":"https:\/\/thomasvoland.com\/blog\/wp-content\/uploads\/2013\/07\/DSC_9797.jpg","datePublished":"2013-07-11T05:00:53+00:00","dateModified":"2023-04-11T08:59:33+00:00","breadcrumb":{"@id":"https:\/\/thomasvoland.com\/blog\/fashion-z-blendami-sportowa-dolina-i-nie-tylko\/#breadcrumb"},"inLanguage":"pl-PL","potentialAction":[{"@type":"ReadAction","target":["https:\/\/thomasvoland.com\/blog\/fashion-z-blendami-sportowa-dolina-i-nie-tylko\/"]}]},{"@type":"ImageObject","inLanguage":"pl-PL","@id":"https:\/\/thomasvoland.com\/blog\/fashion-z-blendami-sportowa-dolina-i-nie-tylko\/#primaryimage","url":"https:\/\/thomasvoland.com\/blog\/wp-content\/uploads\/2013\/07\/DSC_9797.jpg","contentUrl":"https:\/\/thomasvoland.com\/blog\/wp-content\/uploads\/2013\/07\/DSC_9797.jpg","width":1280,"height":874,"caption":"Dolomity Sportowa Dolina - fashion z blendami"},{"@type":"BreadcrumbList","@id":"https:\/\/thomasvoland.com\/blog\/fashion-z-blendami-sportowa-dolina-i-nie-tylko\/#breadcrumb","itemListElement":[{"@type":"ListItem","position":1,"name":"Strona g\u0142\u00f3wna","item":"https:\/\/thomasvoland.com\/blog\/"},{"@type":"ListItem","position":2,"name":"Fashion z blendami &#8211; Sportowa Dolina (DSD) i nie tylko"}]},{"@type":"WebSite","@id":"https:\/\/thomasvoland.com\/blog\/#website","url":"https:\/\/thomasvoland.com\/blog\/","name":"Thomas Voland","description":"","publisher":{"@id":"https:\/\/thomasvoland.com\/blog\/#organization"},"potentialAction":[{"@type":"SearchAction","target":{"@type":"EntryPoint","urlTemplate":"https:\/\/thomasvoland.com\/blog\/?s={search_term_string}"},"query-input":{"@type":"PropertyValueSpecification","valueRequired":true,"valueName":"search_term_string"}}],"inLanguage":"pl-PL"},{"@type":"Organization","@id":"https:\/\/thomasvoland.com\/blog\/#organization","name":"Thomas Voland","url":"https:\/\/thomasvoland.com\/blog\/","logo":{"@type":"ImageObject","inLanguage":"pl-PL","@id":"https:\/\/thomasvoland.com\/blog\/#\/schema\/logo\/image\/","url":"https:\/\/thomasvoland.com\/blog\/wp-content\/uploads\/2023\/04\/voland-logo-2.png","contentUrl":"https:\/\/thomasvoland.com\/blog\/wp-content\/uploads\/2023\/04\/voland-logo-2.png","width":210,"height":45,"caption":"Thomas Voland"},"image":{"@id":"https:\/\/thomasvoland.com\/blog\/#\/schema\/logo\/image\/"},"sameAs":["https:\/\/www.facebook.com\/t.pluszczyk","https:\/\/x.com\/TomaszPluszczyk","https:\/\/www.instagram.com\/thomas_voland\/","https:\/\/www.youtube.com\/channel\/UCRWUS9d3Y3Pi-S9pVs9DKqA"]},{"@type":"Person","@id":"https:\/\/thomasvoland.com\/blog\/#\/schema\/person\/a2fe45ab834fc67a182b07e2b634b8fb","name":"Thomas Voland","image":{"@type":"ImageObject","inLanguage":"pl-PL","@id":"https:\/\/thomasvoland.com\/blog\/#\/schema\/person\/image\/","url":"https:\/\/secure.gravatar.com\/avatar\/663d664d6b3875c4a37077bc16b96169?s=96&d=mm&r=g","contentUrl":"https:\/\/secure.gravatar.com\/avatar\/663d664d6b3875c4a37077bc16b96169?s=96&d=mm&r=g","caption":"Thomas Voland"},"description":"Od kilku lat robi\u0119 zdj\u0119cia beauty i fashion, a efekty pokazuj\u0119 na tym blogu. Razem z opisami sesji publikuj\u0119 schematy o\u015bwietlenia, zdj\u0119cia zza kulis i wszystko to, co istotne podczas fotografowania. Mieszkam w Azji, ale czasami zdarza mi si\u0119 wpa\u015b\u0107 do Polski.","sameAs":["https:\/\/www.facebook.com\/voland.thomas","https:\/\/x.com\/https:\/\/twitter.com\/thomas_voland","http:\/\/youtube.com\/c\/ThomasVoland"]}]}},"jetpack_featured_media_url":"https:\/\/thomasvoland.com\/blog\/wp-content\/uploads\/2013\/07\/DSC_9797.jpg","jetpack_shortlink":"https:\/\/wp.me\/p2VD7q-wO","jetpack_sharing_enabled":true,"_links":{"self":[{"href":"https:\/\/thomasvoland.com\/blog\/wp-json\/wp\/v2\/posts\/2034","targetHints":{"allow":["GET"]}}],"collection":[{"href":"https:\/\/thomasvoland.com\/blog\/wp-json\/wp\/v2\/posts"}],"about":[{"href":"https:\/\/thomasvoland.com\/blog\/wp-json\/wp\/v2\/types\/post"}],"author":[{"embeddable":true,"href":"https:\/\/thomasvoland.com\/blog\/wp-json\/wp\/v2\/users\/1"}],"replies":[{"embeddable":true,"href":"https:\/\/thomasvoland.com\/blog\/wp-json\/wp\/v2\/comments?post=2034"}],"version-history":[{"count":20,"href":"https:\/\/thomasvoland.com\/blog\/wp-json\/wp\/v2\/posts\/2034\/revisions"}],"predecessor-version":[{"id":35149,"href":"https:\/\/thomasvoland.com\/blog\/wp-json\/wp\/v2\/posts\/2034\/revisions\/35149"}],"wp:featuredmedia":[{"embeddable":true,"href":"https:\/\/thomasvoland.com\/blog\/wp-json\/wp\/v2\/media\/2035"}],"wp:attachment":[{"href":"https:\/\/thomasvoland.com\/blog\/wp-json\/wp\/v2\/media?parent=2034"}],"wp:term":[{"taxonomy":"category","embeddable":true,"href":"https:\/\/thomasvoland.com\/blog\/wp-json\/wp\/v2\/categories?post=2034"},{"taxonomy":"post_tag","embeddable":true,"href":"https:\/\/thomasvoland.com\/blog\/wp-json\/wp\/v2\/tags?post=2034"}],"curies":[{"name":"wp","href":"https:\/\/api.w.org\/{rel}","templated":true}]}}